{"id":1302,"date":"2023-09-05T20:35:47","date_gmt":"2023-09-05T20:35:47","guid":{"rendered":"https:\/\/zs-belzyce.edu.pl\/?p=1302"},"modified":"2023-09-05T20:36:31","modified_gmt":"2023-09-05T20:36:31","slug":"narodowe-czytanie-2023","status":"publish","type":"post","link":"https:\/\/zs-belzyce.edu.pl\/?p=1302","title":{"rendered":"Narodowe Czytanie 2023"},"content":{"rendered":"<div class=\"wp-block-image\">\n<figure class=\"aligncenter size-large\"><img loading=\"lazy\" decoding=\"async\" width=\"1024\" height=\"526\" src=\"https:\/\/zs-belzyce.edu.pl\/wp-content\/uploads\/2023\/09\/07_09_2023_r-1-1024x526.png\" alt=\"\" class=\"wp-image-1305\" srcset=\"https:\/\/zs-belzyce.edu.pl\/wp-content\/uploads\/2023\/09\/07_09_2023_r-1-1024x526.png 1024w, https:\/\/zs-belzyce.edu.pl\/wp-content\/uploads\/2023\/09\/07_09_2023_r-1-300x154.png 300w, https:\/\/zs-belzyce.edu.pl\/wp-content\/uploads\/2023\/09\/07_09_2023_r-1-768x394.png 768w, https:\/\/zs-belzyce.edu.pl\/wp-content\/uploads\/2023\/09\/07_09_2023_r-1-1536x788.png 1536w, https:\/\/zs-belzyce.edu.pl\/wp-content\/uploads\/2023\/09\/07_09_2023_r-1.png 2048w\" sizes=\"auto, (max-width: 1024px) 100vw, 1024px\" \/><\/figure>\n<\/div>\n\n\n<p>Serdecznie zapraszamy&nbsp;<strong>7 wrze\u015bnia 2023 r. o godz. 10:00 na wyj\u0105tkowe wydarzenie jakim jest&nbsp;Narodowe Czytanie 2023, tradycyjnie odb\u0119dzie si\u0119 ono w Zespole Szk\u00f3\u0142 im. ks. Antoniego Kwiatkowskiego w Bychawie (ul. Pi\u0142sudskiego 81).<\/strong><\/p>\n\n\n\n<p>Podczas tegorocznego Narodowego Czytania b\u0119dziemy mieli przyjemno\u015b\u0107 czyta\u0107 na g\u0142os \u201eNad Niemnem\u201d Elizy Orzeszkowej. To najbardziej znana powie\u015b\u0107 Elizy Orzeszkowej, powstawa\u0142a w latach 1886\u20131887, a w formie ksi\u0105\u017cka ukaza\u0142a si\u0119 w 1888 roku. Ze wzgl\u0119du na barwne opisy, wyrazistych bohater\u00f3w i odwo\u0142ania historyczne dzie\u0142o por\u00f3wnywano do \u201ePana Tadeusza\u201d. \u017badna inna ksi\u0105\u017cka pisarki nie zosta\u0142a tak entuzjastycznie przyj\u0119ta przez recenzent\u00f3w. Chwalono m.in. sprawne po\u0142\u0105czenie dydaktyzmu z walorami artystycznymi i przemy\u015blan\u0105 kompozycj\u0119 ca\u0142o\u015bci. Nad Niemnem to jeden najwa\u017cniejszych utwor\u00f3w literatury polskiej podejmuj\u0105cy tematyk\u0119 Powstania Styczniowego, kt\u00f3rego 160-lecie obchodzone jest w 2023 roku.<br><em>\u201eTo ksi\u0105\u017cka nastrojowa, napisana barwnym j\u0119zykiem, a zarazem dono\u015bna i sugestywna w swoim patriotycznym przes\u0142aniu \u2013 napisa\u0142 Prezydent RP Andrzej Duda, zach\u0119caj\u0105c do udzia\u0142u we wsp\u00f3lnym czytaniu powie\u015bci Orzeszkowej.\u201d<\/em><\/p>\n\n\n\n<p>W programie, opr\u00f3cz wsp\u00f3lnego czytania, przewidziane s\u0105:<\/p>\n\n\n\n<ul class=\"wp-block-list\"><li>konkurs wiedzy o tw\u00f3rczo\u015bci autorki powie\u015bci<\/li><li>pocz\u0119stunek<br><br><\/li><\/ul>\n\n\n\n<p>Akcj\u0119 Narodowe Czytanie organizuje Powiat Lubelski oraz Zesp\u00f3\u0142 Szk\u00f3\u0142&nbsp;im. ks. A. Kwiatkowskiego w Bychawie.<\/p>\n\n\n\n<p>Patronat nad wydarzeniem obj\u0119\u0142a Miejska Biblioteka Publiczna im. Hieronima \u0141opaci\u0144skiego w Lublinie.\u00a0<\/p>\n\n\n<div class=\"wp-block-image\">\n<figure class=\"aligncenter size-full\"><img loading=\"lazy\" decoding=\"async\" width=\"487\" height=\"367\" src=\"https:\/\/zs-belzyce.edu.pl\/wp-content\/uploads\/2023\/09\/f_f_11366_55a46.jpg\" alt=\"\" class=\"wp-image-1304\" srcset=\"https:\/\/zs-belzyce.edu.pl\/wp-content\/uploads\/2023\/09\/f_f_11366_55a46.jpg 487w, https:\/\/zs-belzyce.edu.pl\/wp-content\/uploads\/2023\/09\/f_f_11366_55a46-300x226.jpg 300w\" sizes=\"auto, (max-width: 487px) 100vw, 487px\" \/><\/figure>\n<\/div>","protected":false},"excerpt":{"rendered":"<p>Serdecznie zapraszamy&nbsp;7 wrze\u015bnia 2023 r. o godz. 10:00 na wyj\u0105tkowe wydarzenie jakim jest&nbsp;Narodowe Czytanie 2023, tradycyjnie odb\u0119dzie si\u0119 ono w Zespole Szk\u00f3\u0142 [&hellip;]<\/p>\n","protected":false},"author":1,"featured_media":1305,"comment_status":"closed","ping_status":"open","sticky":false,"template":"","format":"standard","meta":{"footnotes":""},"categories":[1],"tags":[],"class_list":["post-1302","post","type-post","status-publish","format-standard","has-post-thumbnail","hentry","category-uncategorized"],"_links":{"self":[{"href":"https:\/\/zs-belzyce.edu.pl\/index.php?rest_route=\/wp\/v2\/posts\/1302","targetHints":{"allow":["GET"]}}],"collection":[{"href":"https:\/\/zs-belzyce.edu.pl\/index.php?rest_route=\/wp\/v2\/posts"}],"about":[{"href":"https:\/\/zs-belzyce.edu.pl\/index.php?rest_route=\/wp\/v2\/types\/post"}],"author":[{"embeddable":true,"href":"https:\/\/zs-belzyce.edu.pl\/index.php?rest_route=\/wp\/v2\/users\/1"}],"replies":[{"embeddable":true,"href":"https:\/\/zs-belzyce.edu.pl\/index.php?rest_route=%2Fwp%2Fv2%2Fcomments&post=1302"}],"version-history":[{"count":3,"href":"https:\/\/zs-belzyce.edu.pl\/index.php?rest_route=\/wp\/v2\/posts\/1302\/revisions"}],"predecessor-version":[{"id":1308,"href":"https:\/\/zs-belzyce.edu.pl\/index.php?rest_route=\/wp\/v2\/posts\/1302\/revisions\/1308"}],"wp:featuredmedia":[{"embeddable":true,"href":"https:\/\/zs-belzyce.edu.pl\/index.php?rest_route=\/wp\/v2\/media\/1305"}],"wp:attachment":[{"href":"https:\/\/zs-belzyce.edu.pl\/index.php?rest_route=%2Fwp%2Fv2%2Fmedia&parent=1302"}],"wp:term":[{"taxonomy":"category","embeddable":true,"href":"https:\/\/zs-belzyce.edu.pl\/index.php?rest_route=%2Fwp%2Fv2%2Fcategories&post=1302"},{"taxonomy":"post_tag","embeddable":true,"href":"https:\/\/zs-belzyce.edu.pl\/index.php?rest_route=%2Fwp%2Fv2%2Ftags&post=1302"}],"curies":[{"name":"wp","href":"https:\/\/api.w.org\/{rel}","templated":true}]}}