{"id":1447,"date":"2023-10-27T06:56:48","date_gmt":"2023-10-27T06:56:48","guid":{"rendered":"https:\/\/zs-belzyce.edu.pl\/?p=1447"},"modified":"2023-10-29T20:27:03","modified_gmt":"2023-10-29T20:27:03","slug":"powiatowe-obchody-swieta-komisji-edukacji-narodowej","status":"publish","type":"post","link":"https:\/\/zs-belzyce.edu.pl\/?p=1447","title":{"rendered":"Powiatowe Obchody \u015awi\u0119ta Komisji Edukacji Narodowej"},"content":{"rendered":"\n<p>W dniu 16 .10.2023 &nbsp;w ZSZR &nbsp;w Pszczelej Woli odby\u0142y si\u0119 Powiatowe Obchody \u015awi\u0119ta Komisji Edukacji Narodowej.<\/p>\n\n\n\n<p>Na uroczysto\u015bci dla wyr\u00f3\u017cniaj\u0105cych si\u0119 nauczycieli zosta\u0142y wr\u0119czone Nagrody Starosty.<\/p>\n\n\n\n<p>Z&nbsp;Zespo\u0142u Szk\u00f3\u0142 im. M. Kopernika&nbsp; Nagrod\u0119 Starosty otrzyma\u0142y: &nbsp;pani Dyrektor <strong>Anna Matysek<\/strong> i pani <strong>Anna Plak<\/strong>.<\/p>\n\n\n\n<p>Paniom gratulujemy i \u017cyczymy satysfakcji z wykonywanej pracy.<\/p>\n\n\n\n<p>Nagrodzeni zostali tak\u017ce nasi uczniowie. Stypendium Starosty za wyniki w nauce otrzyma\u0142a uczennica klasy 4alp Liceum Og\u00f3lnokszta\u0142c\u0105cego, <strong>Magdalena Skrai\u0144ska<\/strong>.<\/p>\n\n\n\n<p>Stypendium Sportowe otrzymali: uczennica&nbsp; klasy 2bb <strong>Emilia Ziemi\u0144ska<\/strong> oraz ucze\u0144 klasy 5atp <strong>Kamil Mi\u0105c<\/strong>.<\/p>\n\n\n\n<p>&nbsp;Gratulujemy.<\/p>\n\n\n\n\n\n<p><\/p>\n","protected":false},"excerpt":{"rendered":"<p>W dniu 16 .10.2023 &nbsp;w ZSZR &nbsp;w Pszczelej Woli odby\u0142y si\u0119 Powiatowe Obchody \u015awi\u0119ta Komisji Edukacji Narodowej. Na uroczysto\u015bci dla wyr\u00f3\u017cniaj\u0105cych si\u0119 [&hellip;]<\/p>\n","protected":false},"author":1,"featured_media":1485,"comment_status":"closed","ping_status":"open","sticky":false,"template":"","format":"standard","meta":{"footnotes":""},"categories":[1],"tags":[],"class_list":["post-1447","post","type-post","status-publish","format-standard","has-post-thumbnail","hentry","category-uncategorized"],"_links":{"self":[{"href":"https:\/\/zs-belzyce.edu.pl\/index.php?rest_route=\/wp\/v2\/posts\/1447","targetHints":{"allow":["GET"]}}],"collection":[{"href":"https:\/\/zs-belzyce.edu.pl\/index.php?rest_route=\/wp\/v2\/posts"}],"about":[{"href":"https:\/\/zs-belzyce.edu.pl\/index.php?rest_route=\/wp\/v2\/types\/post"}],"author":[{"embeddable":true,"href":"https:\/\/zs-belzyce.edu.pl\/index.php?rest_route=\/wp\/v2\/users\/1"}],"replies":[{"embeddable":true,"href":"https:\/\/zs-belzyce.edu.pl\/index.php?rest_route=%2Fwp%2Fv2%2Fcomments&post=1447"}],"version-history":[{"count":3,"href":"https:\/\/zs-belzyce.edu.pl\/index.php?rest_route=\/wp\/v2\/posts\/1447\/revisions"}],"predecessor-version":[{"id":1483,"href":"https:\/\/zs-belzyce.edu.pl\/index.php?rest_route=\/wp\/v2\/posts\/1447\/revisions\/1483"}],"wp:featuredmedia":[{"embeddable":true,"href":"https:\/\/zs-belzyce.edu.pl\/index.php?rest_route=\/wp\/v2\/media\/1485"}],"wp:attachment":[{"href":"https:\/\/zs-belzyce.edu.pl\/index.php?rest_route=%2Fwp%2Fv2%2Fmedia&parent=1447"}],"wp:term":[{"taxonomy":"category","embeddable":true,"href":"https:\/\/zs-belzyce.edu.pl\/index.php?rest_route=%2Fwp%2Fv2%2Fcategories&post=1447"},{"taxonomy":"post_tag","embeddable":true,"href":"https:\/\/zs-belzyce.edu.pl\/index.php?rest_route=%2Fwp%2Fv2%2Ftags&post=1447"}],"curies":[{"name":"wp","href":"https:\/\/api.w.org\/{rel}","templated":true}]}}