{"id":1539,"date":"2023-11-14T06:49:03","date_gmt":"2023-11-14T06:49:03","guid":{"rendered":"https:\/\/zs-belzyce.edu.pl\/?p=1539"},"modified":"2023-11-24T09:27:40","modified_gmt":"2023-11-24T09:27:40","slug":"elementor-1539","status":"publish","type":"post","link":"https:\/\/zs-belzyce.edu.pl\/?p=1539","title":{"rendered":"70. lat min\u0119\u0142o\u2026"},"content":{"rendered":"\t\t<div data-elementor-type=\"wp-post\" data-elementor-id=\"1539\" class=\"elementor elementor-1539\">\n\t\t\t\t\t\t\t\t\t<section class=\"elementor-section elementor-top-section elementor-element elementor-element-923962e elementor-section-boxed elementor-section-height-default elementor-section-height-default\" data-id=\"923962e\" data-element_type=\"section\">\n\t\t\t\t\t\t<div class=\"elementor-container elementor-column-gap-default\">\n\t\t\t\t\t<div class=\"elementor-column elementor-col-100 elementor-top-column elementor-element elementor-element-a4e1fd7\" data-id=\"a4e1fd7\" data-element_type=\"column\">\n\t\t\t<div class=\"elementor-widget-wrap elementor-element-populated\">\n\t\t\t\t\t\t\t\t<div class=\"elementor-element elementor-element-559cbba elementor-widget elementor-widget-text-editor\" data-id=\"559cbba\" data-element_type=\"widget\" data-widget_type=\"text-editor.default\">\n\t\t\t\t<div class=\"elementor-widget-container\">\n\t\t\t<style>\/*! elementor - v3.17.0 - 08-11-2023 *\/\n.elementor-widget-text-editor.elementor-drop-cap-view-stacked .elementor-drop-cap{background-color:#69727d;color:#fff}.elementor-widget-text-editor.elementor-drop-cap-view-framed .elementor-drop-cap{color:#69727d;border:3px solid;background-color:transparent}.elementor-widget-text-editor:not(.elementor-drop-cap-view-default) .elementor-drop-cap{margin-top:8px}.elementor-widget-text-editor:not(.elementor-drop-cap-view-default) .elementor-drop-cap-letter{width:1em;height:1em}.elementor-widget-text-editor .elementor-drop-cap{float:left;text-align:center;line-height:1;font-size:50px}.elementor-widget-text-editor .elementor-drop-cap-letter{display:inline-block}<\/style>\t\t\t\t<p style=\"text-align: justify;\"><span style=\"font-size: 12pt; line-height: 17.12px; font-family: Arial, sans-serif;\">\u00a0 \u00a0 \u00a0 21 pa\u017adziernika 2023 r. \u015bwi\u0119towali\u015bmy Jubileusz szko\u0142y. Honorowy patronat nad uroczysto\u015bci\u0105 obj\u0119li: Pan profesor Przemys\u0142aw Czarnek, Minister Edukacji i Nauki,Pan Zdzis\u0142aw Anto\u0144, Starosta Lubelski i Pani Teresa Misiuk, Lubelski Kurator O\u015bwiaty.<\/span><\/p><p style=\"text-align: justify;\"><span style=\"font-size: 12pt; line-height: 17.12px; font-family: Arial, sans-serif;\">\u00a0 \u00a0 \u00a0 \u00a0 Wszystkim obecnym na Jubileuszu bardzo dzi\u0119kujemy za obecno\u015b\u0107 i stworzenie atmosfery, kt\u00f3r\u0105 zapewni\u0107 mogli Ci, kt\u00f3rzy kiedykolwiek w jakikolwiek spos\u00f3b byli zwi\u0105zani z nasz\u0105 szko\u0142\u0105. Dzi\u0119kujemy za mi\u0142e s\u0142owa skierowane do szkolnej spo\u0142eczno\u015bci naszym Go\u015bciom.<\/span><\/p><p style=\"text-align: justify;\"><span style=\"font-size: 12pt; line-height: 17.12px; font-family: Arial, sans-serif;\">\u00a0 \u00a0 \u00a0 Jubileusz rozpocz\u0119\u0142a uroczysta msza \u015bw. w Ko\u015bciele Parafialnym pw. Nawr\u00f3cenia \u015bw. Paw\u0142a odprawiona przez ksi\u0119dza Konrada Szlacht\u0119. Homili\u0119 wyg\u0142osi\u0142 ks. Pawe\u0142 Szyma\u0144ski. Nast\u0119pnie maszerowali\u015bmy ulicami miasta w rytm marsza. Eskortowa\u0142 nas w\u00f3z Stra\u017cy Po\u017carnej i Policja. Sk\u0105pani w promieniach s\u0142o\u0144ca i bezpieczni dotarli\u015bmy do szko\u0142y. Na sali gimnastycznej\u00a0 odby\u0142a si\u0119 akademia, prowadzona przez pani\u0105 Agnieszk\u0119 Kwiatkowsk\u0105, nauczycielk\u0119 j\u0119zyka polskiego i Adama Skrai\u0144skiego, nauczyciela historii i wiedzy o spo\u0142ecze\u0144stwie, podczas kt\u00f3rej wspominali\u015bmy przesz\u0142o\u015b\u0107. Zosta\u0142 wy\u015bwietlony film z\u0142o\u017cony ze zdj\u0119\u0107 pochodz\u0105cych ze szkolnych kronik i archiw\u00f3w prywatnych. Wspominali\u015bmy r\u00f3wnie\u017c tych nauczycieli, kt\u00f3rzy odeszli. Obydwa filmy by\u0142y zaprezentowane z my\u015bl\u0105, \u017ce jedno zdj\u0119cie m\u00f3wi wi\u0119cej ni\u017c tysi\u0105c s\u0142\u00f3w. Do film\u00f3w do\u0142\u0105czone zosta\u0142y recytacje wierszy wykonane przez uczni\u00f3w: Martyn\u0119 Taramas, Piotra Ko\u0142tuniewicza i Jakuba Majkuta. W przem\u00f3wieniu Anny Matysek, dyrektora Zespo\u0142u Szk\u00f3\u0142, znalaz\u0142o si\u0119 kilka wa\u017cnych dat, ale przede wszystkim s\u0142owa uznania dla dyrektor\u00f3w, nauczycieli, pracownik\u00f3w i uczni\u00f3w wszystkich pokole\u0144 zwi\u0105zanych z nasz\u0105 szko\u0142\u0105. Dok\u0142adne informacje dotycz\u0105ce rozwoju szko\u0142y zawarte s\u0105 w monografii wydanej\u00a0 z okazji Jubileuszu.<\/span><\/p><p style=\"text-align: justify;\"><span style=\"font-size: 12pt; line-height: 17.12px; font-family: Arial, sans-serif;\">\u00a0 \u00a0 \u00a0 \u00a0 \u00a0W trakcie uroczysto\u015bci mia\u0142y miejsce spontaniczne i niezwykle mi\u0142e zdarzenia. Pani\u00a0 Danuta z domu Winiarska, rok uko\u0144czenia szko\u0142y 1965, wspomina\u0142a swoje szkolne lata, kt\u00f3re urozmaici\u0142a piosenkami bliskimi jej pokoleniu i sercu. Razem z ni\u0105 \u015bpiewa\u0142a ca\u0142a sala. Wychowankowie pani Marianny \u017bydek, rok uko\u0144czenia 1971, wr\u0119czyli kwiaty swojej ukochanej nauczycielce ( najstarszej na sali ), a wszyscy obecni wstali\u00a0 i od\u015bpiewali \u201eSto lat\u201d. Bukietami kwiat\u00f3w uhonorowani zostali byli dyrektorzy \u201eKopernika\u201d pani El\u017cbieta Kaszlikowska i pan Stanis\u0142aw Banach. Po przem\u00f3wieniach, wspomnieniach i gratulacjach nasze nauczycielki wraz z uczennicami od\u015bpiewa\u0142y hymn szko\u0142y, poczty sztandarowe odprowadzi\u0142y sztandary: Liceum Og\u00f3lnokszta\u0142c\u0105cego im. Miko\u0142aja Kopernika i Zespo\u0142u Szk\u00f3\u0142 im. Miko\u0142aja Kopernika. Dyrekcja w osobach: Anna Matysek, Ma\u0142gorzata Dubil i Dariusz Grabek zaprosili wszystkich do zwiedzania szko\u0142y, a pana Starost\u0119 Zdzis\u0142awa Antonia o ods\u0142oni\u0119cie pami\u0105tkowej tablicy.<\/span><\/p><p style=\"text-align: justify;\"><span style=\"font-size: 12pt; line-height: 17.12px; font-family: Arial, sans-serif;\">\u00a0 \u00a0 \u00a0 Pok\u00f3j nauczycielski zamieni\u0142 si\u0119 tego dnia w sal\u0119 bankietow\u0105 dzi\u0119ki nauczycielom przedmiot\u00f3w gastronomicznych, a od godziny 16. rozpocz\u0105\u0142 si\u0119 bal absolwenta, kt\u00f3ry zosta\u0142 zorganizowany w \u201eDomu Weselnym u Torunia\u201d w Be\u0142\u017cycach.<\/span><\/p><p style=\"text-align: -webkit-center;\">\u00a0<\/p><p style=\"text-align: justify;\"><span style=\"font-size: 12pt; line-height: 17.12px; font-family: Arial, sans-serif;\">By\u0142o wzruszaj\u0105co, weso\u0142o i spontanicznie.\u00a0<\/span><\/p>\t\t\t\t\t\t<\/div>\n\t\t\t\t<\/div>\n\t\t\t\t\t<\/div>\n\t\t<\/div>\n\t\t\t\t\t\t\t<\/div>\n\t\t<\/section>\n\t\t\t\t<section class=\"elementor-section elementor-top-section elementor-element elementor-element-6331b17 elementor-section-boxed elementor-section-height-default elementor-section-height-default\" data-id=\"6331b17\" data-element_type=\"section\">\n\t\t\t\t\t\t<div class=\"elementor-container elementor-column-gap-default\">\n\t\t\t\t\t<div class=\"elementor-column elementor-col-100 elementor-top-column elementor-element elementor-element-37919e0\" data-id=\"37919e0\" data-element_type=\"column\">\n\t\t\t<div class=\"elementor-widget-wrap elementor-element-populated\">\n\t\t\t\t\t\t\t\t<div class=\"elementor-element elementor-element-b49c6e8 elementor-widget elementor-widget-spacer\" data-id=\"b49c6e8\" data-element_type=\"widget\" data-widget_type=\"spacer.default\">\n\t\t\t\t<div class=\"elementor-widget-container\">\n\t\t\t<style>\/*! elementor - v3.17.0 - 08-11-2023 *\/\n.elementor-column .elementor-spacer-inner{height:var(--spacer-size)}.e-con{--container-widget-width:100%}.e-con-inner>.elementor-widget-spacer,.e-con>.elementor-widget-spacer{width:var(--container-widget-width,var(--spacer-size));--align-self:var(--container-widget-align-self,initial);--flex-shrink:0}.e-con-inner>.elementor-widget-spacer>.elementor-widget-container,.e-con>.elementor-widget-spacer>.elementor-widget-container{height:100%;width:100%}.e-con-inner>.elementor-widget-spacer>.elementor-widget-container>.elementor-spacer,.e-con>.elementor-widget-spacer>.elementor-widget-container>.elementor-spacer{height:100%}.e-con-inner>.elementor-widget-spacer>.elementor-widget-container>.elementor-spacer>.elementor-spacer-inner,.e-con>.elementor-widget-spacer>.elementor-widget-container>.elementor-spacer>.elementor-spacer-inner{height:var(--container-widget-height,var(--spacer-size))}.e-con-inner>.elementor-widget-spacer.elementor-widget-empty,.e-con>.elementor-widget-spacer.elementor-widget-empty{position:relative;min-height:22px;min-width:22px}.e-con-inner>.elementor-widget-spacer.elementor-widget-empty .elementor-widget-empty-icon,.e-con>.elementor-widget-spacer.elementor-widget-empty .elementor-widget-empty-icon{position:absolute;top:0;bottom:0;left:0;right:0;margin:auto;padding:0;width:22px;height:22px}<\/style>\t\t<div class=\"elementor-spacer\">\n\t\t\t<div class=\"elementor-spacer-inner\"><\/div>\n\t\t<\/div>\n\t\t\t\t<\/div>\n\t\t\t\t<\/div>\n\t\t\t\t<div class=\"elementor-element elementor-element-12d428a elementor-widget elementor-widget-heading\" data-id=\"12d428a\" data-element_type=\"widget\" data-widget_type=\"heading.default\">\n\t\t\t\t<div class=\"elementor-widget-container\">\n\t\t\t<style>\/*! elementor - v3.17.0 - 08-11-2023 *\/\n.elementor-heading-title{padding:0;margin:0;line-height:1}.elementor-widget-heading .elementor-heading-title[class*=elementor-size-]>a{color:inherit;font-size:inherit;line-height:inherit}.elementor-widget-heading .elementor-heading-title.elementor-size-small{font-size:15px}.elementor-widget-heading .elementor-heading-title.elementor-size-medium{font-size:19px}.elementor-widget-heading .elementor-heading-title.elementor-size-large{font-size:29px}.elementor-widget-heading .elementor-heading-title.elementor-size-xl{font-size:39px}.elementor-widget-heading .elementor-heading-title.elementor-size-xxl{font-size:59px}<\/style><h2 class=\"elementor-heading-title elementor-size-default\">Filmy z uroczysto\u015bci jubileuszowej<\/h2>\t\t<\/div>\n\t\t\t\t<\/div>\n\t\t\t\t\t<\/div>\n\t\t<\/div>\n\t\t\t\t\t\t\t<\/div>\n\t\t<\/section>\n\t\t\t\t<section class=\"elementor-section elementor-top-section elementor-element elementor-element-e2a3dbd elementor-section-boxed elementor-section-height-default elementor-section-height-default\" data-id=\"e2a3dbd\" data-element_type=\"section\">\n\t\t\t\t\t\t<div class=\"elementor-container elementor-column-gap-default\">\n\t\t\t\t\t<div class=\"elementor-column elementor-col-50 elementor-top-column elementor-element elementor-element-eb8f188\" data-id=\"eb8f188\" data-element_type=\"column\">\n\t\t\t<div class=\"elementor-widget-wrap elementor-element-populated\">\n\t\t\t\t\t\t\t\t<div class=\"elementor-element elementor-element-0c9332c elementor-widget elementor-widget-video\" data-id=\"0c9332c\" data-element_type=\"widget\" data-settings=\"{&quot;youtube_url&quot;:&quot;https:\\\/\\\/youtu.be\\\/u6F-Zjs7VnI&quot;,&quot;video_type&quot;:&quot;youtube&quot;,&quot;controls&quot;:&quot;yes&quot;}\" data-widget_type=\"video.default\">\n\t\t\t\t<div class=\"elementor-widget-container\">\n\t\t\t<style>\/*! elementor - v3.17.0 - 08-11-2023 *\/\n.elementor-widget-video .elementor-widget-container{overflow:hidden;transform:translateZ(0)}.elementor-widget-video .elementor-wrapper{aspect-ratio:var(--video-aspect-ratio)}.elementor-widget-video .elementor-wrapper iframe,.elementor-widget-video .elementor-wrapper video{height:100%;width:100%;display:flex;border:none;background-color:#000}@supports not (aspect-ratio:1\/1){.elementor-widget-video .elementor-wrapper{position:relative;overflow:hidden;height:0;padding-bottom:calc(100% \/ var(--video-aspect-ratio))}.elementor-widget-video .elementor-wrapper iframe,.elementor-widget-video .elementor-wrapper video{position:absolute;top:0;right:0;bottom:0;left:0}}.elementor-widget-video .elementor-open-inline .elementor-custom-embed-image-overlay{position:absolute;top:0;right:0;bottom:0;left:0;background-size:cover;background-position:50%}.elementor-widget-video .elementor-custom-embed-image-overlay{cursor:pointer;text-align:center}.elementor-widget-video .elementor-custom-embed-image-overlay:hover .elementor-custom-embed-play i{opacity:1}.elementor-widget-video .elementor-custom-embed-image-overlay img{display:block;width:100%;aspect-ratio:var(--video-aspect-ratio);-o-object-fit:cover;object-fit:cover;-o-object-position:center center;object-position:center center}@supports not (aspect-ratio:1\/1){.elementor-widget-video .elementor-custom-embed-image-overlay{position:relative;overflow:hidden;height:0;padding-bottom:calc(100% \/ var(--video-aspect-ratio))}.elementor-widget-video .elementor-custom-embed-image-overlay img{position:absolute;top:0;right:0;bottom:0;left:0}}.elementor-widget-video .e-hosted-video .elementor-video{-o-object-fit:cover;object-fit:cover}.e-con-inner>.elementor-widget-video,.e-con>.elementor-widget-video{width:var(--container-widget-width);--flex-grow:var(--container-widget-flex-grow)}<\/style>\t\t<div class=\"elementor-wrapper elementor-open-inline\">\n\t\t\t<div class=\"elementor-video\"><\/div>\t\t<\/div>\n\t\t\t\t<\/div>\n\t\t\t\t<\/div>\n\t\t\t\t\t<\/div>\n\t\t<\/div>\n\t\t\t\t<div class=\"elementor-column elementor-col-50 elementor-top-column elementor-element elementor-element-a6b1b97\" data-id=\"a6b1b97\" data-element_type=\"column\">\n\t\t\t<div class=\"elementor-widget-wrap elementor-element-populated\">\n\t\t\t\t\t\t\t\t<div class=\"elementor-element elementor-element-3780bfd elementor-widget elementor-widget-video\" data-id=\"3780bfd\" data-element_type=\"widget\" data-settings=\"{&quot;youtube_url&quot;:&quot;https:\\\/\\\/youtu.be\\\/voPgzl-lvWU&quot;,&quot;video_type&quot;:&quot;youtube&quot;,&quot;controls&quot;:&quot;yes&quot;}\" data-widget_type=\"video.default\">\n\t\t\t\t<div class=\"elementor-widget-container\">\n\t\t\t\t\t<div class=\"elementor-wrapper elementor-open-inline\">\n\t\t\t<div class=\"elementor-video\"><\/div>\t\t<\/div>\n\t\t\t\t<\/div>\n\t\t\t\t<\/div>\n\t\t\t\t\t<\/div>\n\t\t<\/div>\n\t\t\t\t\t\t\t<\/div>\n\t\t<\/section>\n\t\t\t\t<section class=\"elementor-section elementor-top-section elementor-element elementor-element-ff35e05 elementor-section-boxed elementor-section-height-default elementor-section-height-default\" data-id=\"ff35e05\" data-element_type=\"section\">\n\t\t\t\t\t\t<div class=\"elementor-container elementor-column-gap-default\">\n\t\t\t\t\t<div class=\"elementor-column elementor-col-100 elementor-top-column elementor-element elementor-element-4f448b8\" data-id=\"4f448b8\" data-element_type=\"column\">\n\t\t\t<div class=\"elementor-widget-wrap elementor-element-populated\">\n\t\t\t\t\t\t\t\t<div class=\"elementor-element elementor-element-b09d58c elementor-widget elementor-widget-video\" data-id=\"b09d58c\" data-element_type=\"widget\" data-settings=\"{&quot;youtube_url&quot;:&quot;https:\\\/\\\/youtu.be\\\/0e1zaDZl2HU&quot;,&quot;video_type&quot;:&quot;youtube&quot;,&quot;controls&quot;:&quot;yes&quot;}\" data-widget_type=\"video.default\">\n\t\t\t\t<div class=\"elementor-widget-container\">\n\t\t\t\t\t<div class=\"elementor-wrapper elementor-open-inline\">\n\t\t\t<div class=\"elementor-video\"><\/div>\t\t<\/div>\n\t\t\t\t<\/div>\n\t\t\t\t<\/div>\n\t\t\t\t\t<\/div>\n\t\t<\/div>\n\t\t\t\t\t\t\t<\/div>\n\t\t<\/section>\n\t\t\t\t<section class=\"elementor-section elementor-top-section elementor-element elementor-element-4325dd6 elementor-section-boxed elementor-section-height-default elementor-section-height-default\" data-id=\"4325dd6\" data-element_type=\"section\">\n\t\t\t\t\t\t<div class=\"elementor-container elementor-column-gap-default\">\n\t\t\t\t\t<div class=\"elementor-column elementor-col-100 elementor-top-column elementor-element elementor-element-6f7ff4a\" data-id=\"6f7ff4a\" data-element_type=\"column\">\n\t\t\t<div class=\"elementor-widget-wrap elementor-element-populated\">\n\t\t\t\t\t\t\t\t<div class=\"elementor-element elementor-element-03d6e34 elementor-widget elementor-widget-heading\" data-id=\"03d6e34\" data-element_type=\"widget\" data-widget_type=\"heading.default\">\n\t\t\t\t<div class=\"elementor-widget-container\">\n\t\t\t<h2 class=\"elementor-heading-title elementor-size-default\">Galeria zdj\u0119\u0107 z uroczysto\u015bci jubileuszowej<\/h2>\t\t<\/div>\n\t\t\t\t<\/div>\n\t\t\t\t\t<\/div>\n\t\t<\/div>\n\t\t\t\t\t\t\t<\/div>\n\t\t<\/section>\n\t\t\t\t<section class=\"elementor-section elementor-top-section elementor-element elementor-element-8b0ee4e elementor-section-boxed elementor-section-height-default elementor-section-height-default\" data-id=\"8b0ee4e\" data-element_type=\"section\">\n\t\t\t\t\t\t<div class=\"elementor-container elementor-column-gap-default\">\n\t\t\t\t\t<div class=\"elementor-column elementor-col-100 elementor-top-column elementor-element elementor-element-86422e1\" data-id=\"86422e1\" data-element_type=\"column\">\n\t\t\t<div class=\"elementor-widget-wrap elementor-element-populated\">\n\t\t\t\t\t\t\t\t<div class=\"elementor-element elementor-element-005a9d4 elementor-align-center elementor-widget elementor-widget-button\" data-id=\"005a9d4\" data-element_type=\"widget\" data-widget_type=\"button.default\">\n\t\t\t\t<div class=\"elementor-widget-container\">\n\t\t\t\t\t<div class=\"elementor-button-wrapper\">\n\t\t\t<a class=\"elementor-button elementor-button-link elementor-size-xl\" href=\"https:\/\/zs-belzyce.edu.pl\/?page_id=1602\">\n\t\t\t\t\t\t<span class=\"elementor-button-content-wrapper\">\n\t\t\t\t\t\t<span class=\"elementor-button-text\">Galeria zdj\u0119\u0107 - kliknij tutaj<\/span>\n\t\t<\/span>\n\t\t\t\t\t<\/a>\n\t\t<\/div>\n\t\t\t\t<\/div>\n\t\t\t\t<\/div>\n\t\t\t\t\t<\/div>\n\t\t<\/div>\n\t\t\t\t\t\t\t<\/div>\n\t\t<\/section>\n\t\t\t\t<section class=\"elementor-section elementor-top-section elementor-element elementor-element-5984e07 elementor-section-boxed elementor-section-height-default elementor-section-height-default\" data-id=\"5984e07\" data-element_type=\"section\">\n\t\t\t\t\t\t<div class=\"elementor-container elementor-column-gap-default\">\n\t\t\t\t\t<div class=\"elementor-column elementor-col-100 elementor-top-column elementor-element elementor-element-7f63985\" data-id=\"7f63985\" data-element_type=\"column\">\n\t\t\t<div class=\"elementor-widget-wrap elementor-element-populated\">\n\t\t\t\t\t\t\t\t<div class=\"elementor-element elementor-element-30331b7 elementor-tabs-view-horizontal elementor-widget elementor-widget-tabs\" data-id=\"30331b7\" data-element_type=\"widget\" data-widget_type=\"tabs.default\">\n\t\t\t\t<div class=\"elementor-widget-container\">\n\t\t\t<style>\/*! elementor - v3.17.0 - 08-11-2023 *\/\n.elementor-widget-tabs.elementor-tabs-view-vertical .elementor-tabs-wrapper{width:25%;flex-shrink:0}.elementor-widget-tabs.elementor-tabs-view-vertical .elementor-tab-desktop-title.elementor-active{border-right-style:none}.elementor-widget-tabs.elementor-tabs-view-vertical .elementor-tab-desktop-title.elementor-active:after,.elementor-widget-tabs.elementor-tabs-view-vertical .elementor-tab-desktop-title.elementor-active:before{height:999em;width:0;right:0;border-right-style:solid}.elementor-widget-tabs.elementor-tabs-view-vertical .elementor-tab-desktop-title.elementor-active:before{top:0;transform:translateY(-100%)}.elementor-widget-tabs.elementor-tabs-view-vertical .elementor-tab-desktop-title.elementor-active:after{top:100%}.elementor-widget-tabs.elementor-tabs-view-horizontal .elementor-tab-desktop-title{display:table-cell}.elementor-widget-tabs.elementor-tabs-view-horizontal .elementor-tab-desktop-title.elementor-active{border-bottom-style:none}.elementor-widget-tabs.elementor-tabs-view-horizontal .elementor-tab-desktop-title.elementor-active:after,.elementor-widget-tabs.elementor-tabs-view-horizontal .elementor-tab-desktop-title.elementor-active:before{bottom:0;height:0;width:999em;border-bottom-style:solid}.elementor-widget-tabs.elementor-tabs-view-horizontal .elementor-tab-desktop-title.elementor-active:before{right:100%}.elementor-widget-tabs.elementor-tabs-view-horizontal .elementor-tab-desktop-title.elementor-active:after{left:100%}.elementor-widget-tabs .elementor-tab-content,.elementor-widget-tabs .elementor-tab-title,.elementor-widget-tabs .elementor-tab-title:after,.elementor-widget-tabs .elementor-tab-title:before,.elementor-widget-tabs .elementor-tabs-content-wrapper{border:1px #d5d8dc}.elementor-widget-tabs .elementor-tabs{text-align:left}.elementor-widget-tabs .elementor-tabs-wrapper{overflow:hidden}.elementor-widget-tabs .elementor-tab-title{cursor:pointer;outline:var(--focus-outline,none)}.elementor-widget-tabs .elementor-tab-desktop-title{position:relative;padding:20px 25px;font-weight:700;line-height:1;border:solid transparent}.elementor-widget-tabs .elementor-tab-desktop-title.elementor-active{border-color:#d5d8dc}.elementor-widget-tabs .elementor-tab-desktop-title.elementor-active:after,.elementor-widget-tabs .elementor-tab-desktop-title.elementor-active:before{display:block;content:\"\";position:absolute}.elementor-widget-tabs .elementor-tab-desktop-title:focus-visible{border:1px solid #000}.elementor-widget-tabs .elementor-tab-mobile-title{padding:10px;cursor:pointer}.elementor-widget-tabs .elementor-tab-content{padding:20px;display:none}@media (max-width:767px){.elementor-tabs .elementor-tab-content,.elementor-tabs .elementor-tab-title{border-style:solid solid none}.elementor-tabs .elementor-tabs-wrapper{display:none}.elementor-tabs .elementor-tabs-content-wrapper{border-bottom-style:solid}.elementor-tabs .elementor-tab-content{padding:10px}}@media (min-width:768px){.elementor-widget-tabs.elementor-tabs-view-vertical .elementor-tabs{display:flex}.elementor-widget-tabs.elementor-tabs-view-vertical .elementor-tabs-wrapper{flex-direction:column}.elementor-widget-tabs.elementor-tabs-view-vertical .elementor-tabs-content-wrapper{flex-grow:1;border-style:solid solid solid none}.elementor-widget-tabs.elementor-tabs-view-horizontal .elementor-tab-content{border-style:none solid solid}.elementor-widget-tabs.elementor-tabs-alignment-center .elementor-tabs-wrapper,.elementor-widget-tabs.elementor-tabs-alignment-end .elementor-tabs-wrapper,.elementor-widget-tabs.elementor-tabs-alignment-stretch .elementor-tabs-wrapper{display:flex}.elementor-widget-tabs.elementor-tabs-alignment-center .elementor-tabs-wrapper{justify-content:center}.elementor-widget-tabs.elementor-tabs-alignment-end .elementor-tabs-wrapper{justify-content:flex-end}.elementor-widget-tabs.elementor-tabs-alignment-stretch.elementor-tabs-view-horizontal .elementor-tab-title{width:100%}.elementor-widget-tabs.elementor-tabs-alignment-stretch.elementor-tabs-view-vertical .elementor-tab-title{height:100%}.elementor-tabs .elementor-tab-mobile-title{display:none}}<\/style>\t\t<div class=\"elementor-tabs\">\n\t\t\t<div class=\"elementor-tabs-wrapper\" role=\"tablist\" >\n\t\t\t\t\t\t\t\t\t<div id=\"elementor-tab-title-5051\" class=\"elementor-tab-title elementor-tab-desktop-title\" aria-selected=\"true\" data-tab=\"1\" role=\"tab\" tabindex=\"0\" aria-controls=\"elementor-tab-content-5051\" aria-expanded=\"false\">Przem\u00f3wienie Anny Matysek, Dyrektora Zespo\u0142u Szk\u00f3\u0142 im. Miko\u0142aja Kopernika w Be\u0142\u017cycach<\/div>\n\t\t\t\t\t\t\t\t\t<div id=\"elementor-tab-title-5052\" class=\"elementor-tab-title elementor-tab-desktop-title\" aria-selected=\"false\" data-tab=\"2\" role=\"tab\" tabindex=\"-1\" aria-controls=\"elementor-tab-content-5052\" aria-expanded=\"false\">Lista go\u015bci obecnych na Jubileuszu w dniu 21 pa\u017adziernika 2023 r.<\/div>\n\t\t\t\t\t\t\t<\/div>\n\t\t\t<div class=\"elementor-tabs-content-wrapper\" role=\"tablist\" aria-orientation=\"vertical\">\n\t\t\t\t\t\t\t\t\t<div class=\"elementor-tab-title elementor-tab-mobile-title\" aria-selected=\"true\" data-tab=\"1\" role=\"tab\" tabindex=\"0\" aria-controls=\"elementor-tab-content-5051\" aria-expanded=\"false\">Przem\u00f3wienie Anny Matysek, Dyrektora Zespo\u0142u Szk\u00f3\u0142 im. Miko\u0142aja Kopernika w Be\u0142\u017cycach<\/div>\n\t\t\t\t\t<div id=\"elementor-tab-content-5051\" class=\"elementor-tab-content elementor-clearfix\" data-tab=\"1\" role=\"tabpanel\" aria-labelledby=\"elementor-tab-title-5051\" tabindex=\"0\" hidden=\"false\"><p>Dzie\u0144 dobry Pa\u0144stwu!<\/p><p>Witam bardzo serdecznie wszystkich, kt\u00f3rzy przybyli na nasz\u0105 uroczysto\u015b\u0107.<\/p><p>Motywem przewodnim dzisiejszego spotkania b\u0119dzie most. Dlaczego? Niech odczytaj\u0105 ten obraz Pa\u0144stwo jako metafor\u0119 zwi\u0105zku przesz\u0142o\u015bci z tera\u017aniejszo\u015bci\u0105. Przez ten most przesz\u0142o ponad 300 nauczycieli, wielu pracownik\u00f3w administracji i obs\u0142ugi, a wreszcie ponad 7000 tysi\u0119cy absolwent\u00f3w.<\/p><p>1 wrze\u015bnia 1953 r. rozpocz\u0119\u0142a dzia\u0142alno\u015b\u0107 szko\u0142a og\u00f3lna jedenastolatka pod nazw\u0105 Szko\u0142a Podstawowa i Liceum Og\u00f3lnokszta\u0142c\u0105ce\u00a0 w Be\u0142\u017cycach. W 1967 roku utworzono odr\u0119bn\u0105 szko\u0142\u0119 podstawow\u0105 i Liceum Og\u00f3lnokszta\u0142c\u0105ce. W roku szkolnym 1972\/73 Liceum Og\u00f3lnokszta\u0142c\u0105ce otrzyma\u0142o imi\u0119 Miko\u0142aja Kopernika i ufundowany zosta\u0142 sztandar. W roku 1980 decyzj\u0105 Kuratora O\u015bwiaty zosta\u0142 utworzony Zesp\u00f3\u0142 Szk\u00f3\u0142, kt\u00f3ry od 2003 roku nosi imi\u0119 Miko\u0142aja Kopernika, a w sk\u0142ad Zespo\u0142u wchodzi obecnie Liceum Og\u00f3lnokszta\u0142c\u0105ce, Technikum, Bran\u017cowa Szko\u0142a I stopnia, Bran\u017cowa Szko\u0142a II stopnia i Liceum dla Doros\u0142ych.<\/p><p>W dzisiejszej uroczysto\u015bci towarzysz\u0105 nam dwa sztandary: historyczny ju\u017c sztandar Liceum i sztandar Zespo\u0142u.<\/p><p>Szko\u0142a od 1953 roku przesz\u0142a wiele zmian, kt\u00f3re by\u0142y zale\u017cne od polityki pa\u0144stwa, ale tak\u017ce pomys\u0142\u00f3w dyrektor\u00f3w i koncepcji organu prowadz\u0105cego, kt\u00f3rym przez lata by\u0142o Lubelskie kuratorium o\u015bwiaty, a od 1999 r. \u00a0Powiat Lubelski.<\/p><p>Na tym slajdzie widz\u0105 Pa\u0144stwo nazwiska dyrektor\u00f3w Kopernika.<\/p><p>Mam to szcz\u0119\u015bcie i zaszczyt, \u017ce kilku z nich zna\u0142am, znam osobi\u015bcie. S\u0105 dzi\u015b z nami pani El\u017cbieta Kaszlikowska \u00a0i Pan Stanis\u0142aw Banach, dyrektorzy, kt\u00f3rzy przyczynili si\u0119 do rozwoju szko\u0142y, wprowadzenia nowych kierunk\u00f3w kszta\u0142cenia i poszerzania bazy dydaktycznej. My kontynuujemy ich dzie\u0142o i staramy si\u0119 wprowadza\u0107 w \u017cycie swoje pomys\u0142y, kt\u00f3re mamy nadziej\u0119 s\u0142u\u017c\u0105 naszej szkole.<\/p><p>A na co zwracaj\u0105 uwag\u0119 uczniowie?<\/p><p>\u00a0Poka\u017cemy teraz film z naszego Instagrama, kt\u00f3ry z inicjatywy uczni\u00f3w,\u00a0 nazywanych ekip\u0105 Instagrama, zosta\u0142 upowszechniony pod nazw\u0105 \u201eRzeczy, kt\u00f3re w naszej szkole po prostu maj\u0105 sens\u201d.<\/p><p>Jak Pa\u0144stwo zauwa\u017cyli nie by\u0142 to film panoramiczny, z prostego powodu \u2013 by\u0142 przygotowany do ogl\u0105dania na smartfonach. Zach\u0119cam do \u015bledzenia naszego Instagramowego profilu, poniewa\u017c pojawiaj\u0105 si\u0119 tam materia\u0142y przygotowywane wy\u0142\u0105cznie przez uczni\u00f3w.<\/p><p>A nasi uczniowie, ci obecni, ale tak\u017ce ci, kt\u00f3rzy s\u0105 absolwentami \u201eKopernika\u201d zawsze wyr\u00f3\u017cniali si\u0119 kreatywno\u015bci\u0105 i ambicj\u0105. Anga\u017cowali si\u0119 w \u017cycie szko\u0142y i \u015brodowiska lokalnego. Pod kierunkiem nauczycieli realizowali projekty i przedsi\u0119wzi\u0119cia naukowe, sportowe a tak\u017ce artystyczne.<\/p><p>I jak to w szkole, jedni uczyli si\u0119 z ogromnym zapa\u0142em, inni z troch\u0119 mniejszym, ale znakomita wi\u0119kszo\u015b\u0107 naszych absolwent\u00f3w pe\u0142ni dzi\u015b wa\u017cne role spo\u0142eczne. I z tego my nauczyciele mo\u017cemy by\u0107 dumni.<\/p><p>\u00a0Mam nadziej\u0119, \u017ce czas sp\u0119dzony w murach tej szko\u0142y by\u0142 czasem wa\u017cnym, wspominanym dzi\u015b z sentymentem. Niekt\u00f3rych ten sentyment zatrzyma\u0142 na d\u0142u\u017cej i s\u0105 dzi\u015b u nas nauczycielami lub pracownikami administracji i obs\u0142ugi. Stanowi\u0105 20% sk\u0142adu ekipy \u201eKopernika\u201d ( tak lubimy o sobie m\u00f3wi\u0107).<\/p><p>Jak wcze\u015bniej wspomnia\u0142am, szko\u0142a \u00a0rozwija si\u0119 dynamicznie. Ten rozw\u00f3j jest mo\u017cliwy dzi\u0119ki wsparciu organu prowadz\u0105cego, organu nadzoruj\u0105cego i wreszcie Ministerstwa Edukacji\u00a0 i Nauki, do kt\u00f3rego wyst\u0119pujemy o \u015brodki z rezerwy subwencji o\u015bwiatowej. Do rozwoju przyczyniaj\u0105 si\u0119 r\u00f3wnie\u017c rodzice, kt\u00f3rzy zawsze anga\u017cowali si\u0119 w \u017cycie szko\u0142y, mam tu na my\u015bli przede wszystkim tych, kt\u00f3rzy wchodz\u0105\u00a0 w sk\u0142ad Rady Rodzic\u00f3w z ich przewodnicz\u0105cymi na czele.<\/p><p>I za to nieocenione wsparcie chcia\u0142am serdecznie podzi\u0119kowa\u0107.<\/p><p>\u00a0Dzi\u0119kuj\u0119 nauczycielom, kt\u00f3rzy pracowali i pracuj\u0105 w Koperniku za ci\u0119\u017ck\u0105 prac\u0119, jest ci\u0119\u017cka, bo to praca z emocjami i na emocjach.<\/p><p>Dzi\u0119kuj\u0119 Pracownikom administracji i obs\u0142ugi, bo bez nich ten szkolny system po prostu nie dzia\u0142a.<\/p><p>Dzi\u0119kuj\u0119 absolwentom za to, \u017ce kiedy\u015b wybrali t\u0119 szko\u0142\u0119, byli tu i zostawili cz\u0105stk\u0119 siebie, a dzisiaj s\u0105 z nami, \u017ceby \u015bwi\u0119towa\u0107 ten jubileusz. My nauczyciele i pracownicy byli\u015bmy i jeste\u015bmy dla Was drodzy absolwenci i uczniowie.<\/p><p>Zapraszam wszystkich Pa\u0144stwa do tego, aby\u015bmy chocia\u017c na chwil\u0119 otworzyli si\u0119 na wspomnienia, bo g\u0142\u0119boko wierz\u0119 w to, \u017ce pami\u0119\u0107 \u00a0\u00a0\u00a0\u00a0\u00a0\u00a0\u00a0\u00a0\u00a0\u00a0\u00a0\u00a0\u00a0\u00a0\u00a0\u00a0\u00a0\u00a0\u00a0\u00a0\u00a0\u00a0\u00a0\u00a0\u00a0\u00a0\u00a0\u00a0\u00a0o przesz\u0142o\u015bci kszta\u0142tuje nasz\u0105 to\u017csamo\u015b\u0107.<\/p><p>\u00a0Jestem \u00a0\u015bwiadoma, \u017ce nie da si\u0119 w pe\u0142ni pokaza\u0107 dzi\u015b ca\u0142ej historii tych 70. lat, ale wierz\u0119, \u017ce poruszymy dzi\u015b strun\u0119 w sercu, kt\u00f3ra odpowiada za wzruszenia. Powspominajmy i powzruszajmy si\u0119 zatem.<\/p><\/div>\n\t\t\t\t\t\t\t\t\t<div class=\"elementor-tab-title elementor-tab-mobile-title\" aria-selected=\"false\" data-tab=\"2\" role=\"tab\" tabindex=\"-1\" aria-controls=\"elementor-tab-content-5052\" aria-expanded=\"false\">Lista go\u015bci obecnych na Jubileuszu w dniu 21 pa\u017adziernika 2023 r.<\/div>\n\t\t\t\t\t<div id=\"elementor-tab-content-5052\" class=\"elementor-tab-content elementor-clearfix\" data-tab=\"2\" role=\"tabpanel\" aria-labelledby=\"elementor-tab-title-5052\" tabindex=\"0\" hidden=\"hidden\"><p style=\"text-align: center;\"><strong>Jubileusz zaszczycili swoj\u0105 obecno\u015bci\u0105:<\/strong><\/p><p>Pan Janusz Wawerski, ekspert ds. wsp\u00f3\u0142pracy z samorz\u0105dem, kt\u00f3ry reprezentowa\u0142 Ministra Edukacji i Nauki,<\/p><p>Pan Pan Zdzislaw Anto\u0144 &#8211; Starosta Lubelski,\u00a0<\/p><p>Pani Ewa Podka\u0144ska &#8211; Starszy Wizytator Lubelskiego Kuratorium O\u015bwiaty,<\/p><p>Pan Krzysztof Chmielik &#8211; Przewodnicz\u0105cy Rady Powiatu w Lublinie,<\/p><p>Radni Powiatu Lubelskiego: Pani Joanna Kaznowska, Pan Marcin Olszak, Pan Mateusz Winiarski, Pan Grzegorz Widelski<\/p><p>Pan Artur Rumi\u0144ski &#8211; Sekretarz Powiatu Lubelskiego,<\/p><p>Pani Marta Janeczko &#8211; Skarbnik Powiatu Lubelskiego,<\/p><p>Pani Anna Zieli\u0144ska &#8211; Dyrektor Wydzia\u0142u Edukacji, Zdrowia i Spraw Spo\u0142ecznych Starostwa Powiatowego w Lublinie.<\/p><p>Pan Ireneusz \u0141ucka \u2013 Burmistrz Be\u0142\u017cyc,<\/p><p>Pan Grzegorz Kami\u0144ski \u2013 Przewodnicz\u0105cy Rady Miejskiej w Be\u0142\u017cycach,<\/p><p>Pani Anna Ostasz \u2013 z-ca Burmistrza Be\u0142\u017cyc<\/p><p>Pani Joanna Kaznowska \u2013 Sekretarz Gminy Be\u0142\u017cyce<\/p><p>Pan Dariusz Kami\u0144ski \u2013 Dyrektor Samodzielnego Publicznego Zak\u0142adu Opieki Zdrowotnej Nr 1 w Be\u0142\u017cycach<\/p><p>Pani Urszula Zieli\u0144ska \u2013 Dyrektor Powiatowy O\u015brodek Wsparcia dla Os\u00f3b z Zaburzeniami Psychicznymi w Be\u0142\u017cycach,<\/p><p>Dyrektorzy szk\u00f3\u0142 i plac\u00f3wek o\u015bwiatowych Powiatu Lubelskiego<\/p><p>Dyrektorzy szk\u00f3\u0142 i plac\u00f3wek z terenu Gminy Be\u0142\u017cyce, Niedrzwica Du\u017ca, Borzech\u00f3w<\/p><p>Pani Krystyna Tomczyk \u2013 Prezes Oddzia\u0142u Okr\u0119gu Lubelskiego ZNP<\/p><p>Ksi\u0119\u017ca Parafii Rzymsko \u2013 Katolickiej pw. Nawr\u00f3cenia \u015aw. Paw\u0142a w Be\u0142\u017cycach: ks.Konrad Szlachta, ks.Pawe\u0142 Szyma\u0144ski<\/p><p><a href=\"http:\/\/parafia.belzyce.pl\/\">Nauczyciele<\/a> emeryci: Pani Marianna \u017bydek, Pan Andrzej Czaja, Pan J\u00f3zef Raku\u015b,\u00a0 Pan Zbigniew Go\u0142ofit<\/p><p>Byli Dyrektorzy \u201eKopernika\u201d: Pani El\u017cbieta Kaszlikowska i Pan Stanis\u0142aw Banach<\/p><p>Pan Wies\u0142aw Chodu\u0144 dyrektor Zespo\u0142u Szk\u00f3\u0142 Technicznych im. Tadeusza Ko\u015bciuszki<\/p><p>Przewodnicz\u0105cy Rady Rodzic\u00f3w: Pan Bogus\u0142aw Winiarski, Pan Grzegorz Dobrowolski, Pan Piotr Brewczak, Pan Grzegorz Kami\u0144ski oraz pe\u0142ni\u0105cy funkcj\u0119 Przewodnicz\u0105cego od wrze\u015bnia 2023 r. Pan Piotr Ko\u0142tuniewicz<\/p><p>Nauczyciele i pracownicy \u201eKopernika\u201d \u2013 sprzed lat i obecnie pracuj\u0105cy w szkole<\/p><p>Uczniowie Zespo\u0142u Szk\u00f3\u0142 im. Miko\u0142aja Kopernika oraz najwa\u017cniejsi bohaterowie spotkania czyli absolwenci szko\u0142y<\/p><\/div>\n\t\t\t\t\t\t\t<\/div>\n\t\t<\/div>\n\t\t\t\t<\/div>\n\t\t\t\t<\/div>\n\t\t\t\t\t<\/div>\n\t\t<\/div>\n\t\t\t\t\t\t\t<\/div>\n\t\t<\/section>\n\t\t\t\t<section class=\"elementor-section elementor-top-section elementor-element elementor-element-9842c59 elementor-section-boxed elementor-section-height-default elementor-section-height-default\" data-id=\"9842c59\" data-element_type=\"section\">\n\t\t\t\t\t\t<div class=\"elementor-container elementor-column-gap-default\">\n\t\t\t\t\t<div class=\"elementor-column elementor-col-100 elementor-top-column elementor-element elementor-element-0c0a808\" data-id=\"0c0a808\" data-element_type=\"column\">\n\t\t\t<div class=\"elementor-widget-wrap elementor-element-populated\">\n\t\t\t\t\t\t\t\t<div class=\"elementor-element elementor-element-9cd107b elementor-widget elementor-widget-heading\" data-id=\"9cd107b\" data-element_type=\"widget\" data-widget_type=\"heading.default\">\n\t\t\t\t<div class=\"elementor-widget-container\">\n\t\t\t<h2 class=\"elementor-heading-title elementor-size-default\">Jubileusz patronatem obj\u0119li<\/h2>\t\t<\/div>\n\t\t\t\t<\/div>\n\t\t\t\t\t<\/div>\n\t\t<\/div>\n\t\t\t\t\t\t\t<\/div>\n\t\t<\/section>\n\t\t\t\t<section class=\"elementor-section elementor-top-section elementor-element elementor-element-993203c elementor-section-boxed elementor-section-height-default elementor-section-height-default\" data-id=\"993203c\" data-element_type=\"section\">\n\t\t\t\t\t\t<div class=\"elementor-container elementor-column-gap-default\">\n\t\t\t\t\t<div class=\"elementor-column elementor-col-20 elementor-top-column elementor-element elementor-element-b5d0959\" data-id=\"b5d0959\" data-element_type=\"column\">\n\t\t\t<div class=\"elementor-widget-wrap elementor-element-populated\">\n\t\t\t\t\t\t\t\t<div class=\"elementor-element elementor-element-2393fd3 elementor-widget elementor-widget-image\" data-id=\"2393fd3\" data-element_type=\"widget\" data-widget_type=\"image.default\">\n\t\t\t\t<div class=\"elementor-widget-container\">\n\t\t\t<style>\/*! elementor - v3.17.0 - 08-11-2023 *\/\n.elementor-widget-image{text-align:center}.elementor-widget-image a{display:inline-block}.elementor-widget-image a img[src$=\".svg\"]{width:48px}.elementor-widget-image img{vertical-align:middle;display:inline-block}<\/style>\t\t\t\t\t\t\t\t\t\t\t\t<img loading=\"lazy\" decoding=\"async\" width=\"351\" height=\"143\" src=\"https:\/\/zs-belzyce.edu.pl\/wp-content\/uploads\/2023\/10\/pobierz-1-1.png\" class=\"attachment-large size-large wp-image-1570\" alt=\"\" srcset=\"https:\/\/zs-belzyce.edu.pl\/wp-content\/uploads\/2023\/10\/pobierz-1-1.png 351w, https:\/\/zs-belzyce.edu.pl\/wp-content\/uploads\/2023\/10\/pobierz-1-1-300x122.png 300w\" sizes=\"auto, (max-width: 351px) 100vw, 351px\" \/>\t\t\t\t\t\t\t\t\t\t\t\t\t\t\t<\/div>\n\t\t\t\t<\/div>\n\t\t\t\t\t<\/div>\n\t\t<\/div>\n\t\t\t\t<div class=\"elementor-column elementor-col-20 elementor-top-column elementor-element elementor-element-34322da\" data-id=\"34322da\" data-element_type=\"column\">\n\t\t\t<div class=\"elementor-widget-wrap elementor-element-populated\">\n\t\t\t\t\t\t\t\t<div class=\"elementor-element elementor-element-fd9009b elementor-widget elementor-widget-image\" data-id=\"fd9009b\" data-element_type=\"widget\" data-widget_type=\"image.default\">\n\t\t\t\t<div class=\"elementor-widget-container\">\n\t\t\t\t\t\t\t\t\t\t\t\t\t\t\t<img loading=\"lazy\" decoding=\"async\" width=\"225\" height=\"225\" src=\"https:\/\/zs-belzyce.edu.pl\/wp-content\/uploads\/2023\/10\/pobierz-2.png\" class=\"attachment-large size-large wp-image-1569\" alt=\"\" srcset=\"https:\/\/zs-belzyce.edu.pl\/wp-content\/uploads\/2023\/10\/pobierz-2.png 225w, https:\/\/zs-belzyce.edu.pl\/wp-content\/uploads\/2023\/10\/pobierz-2-200x200.png 200w\" sizes=\"auto, (max-width: 225px) 100vw, 225px\" \/>\t\t\t\t\t\t\t\t\t\t\t\t\t\t\t<\/div>\n\t\t\t\t<\/div>\n\t\t\t\t\t<\/div>\n\t\t<\/div>\n\t\t\t\t<div class=\"elementor-column elementor-col-20 elementor-top-column elementor-element elementor-element-4368f1b\" data-id=\"4368f1b\" data-element_type=\"column\">\n\t\t\t<div class=\"elementor-widget-wrap elementor-element-populated\">\n\t\t\t\t\t\t\t\t<div class=\"elementor-element elementor-element-cb6e0e6 elementor-widget elementor-widget-image\" data-id=\"cb6e0e6\" data-element_type=\"widget\" data-widget_type=\"image.default\">\n\t\t\t\t<div class=\"elementor-widget-container\">\n\t\t\t\t\t\t\t\t\t\t\t\t\t\t\t<img loading=\"lazy\" decoding=\"async\" width=\"1024\" height=\"559\" src=\"https:\/\/zs-belzyce.edu.pl\/wp-content\/uploads\/2023\/10\/Patronat-honorowy-Ministra-Edukacji-i-Nauki-z-napisem-1-1024x559-1.jpg\" class=\"attachment-large size-large wp-image-1567\" alt=\"\" srcset=\"https:\/\/zs-belzyce.edu.pl\/wp-content\/uploads\/2023\/10\/Patronat-honorowy-Ministra-Edukacji-i-Nauki-z-napisem-1-1024x559-1.jpg 1024w, https:\/\/zs-belzyce.edu.pl\/wp-content\/uploads\/2023\/10\/Patronat-honorowy-Ministra-Edukacji-i-Nauki-z-napisem-1-1024x559-1-300x164.jpg 300w, https:\/\/zs-belzyce.edu.pl\/wp-content\/uploads\/2023\/10\/Patronat-honorowy-Ministra-Edukacji-i-Nauki-z-napisem-1-1024x559-1-768x419.jpg 768w\" sizes=\"auto, (max-width: 1024px) 100vw, 1024px\" \/>\t\t\t\t\t\t\t\t\t\t\t\t\t\t\t<\/div>\n\t\t\t\t<\/div>\n\t\t\t\t\t<\/div>\n\t\t<\/div>\n\t\t\t\t<div class=\"elementor-column elementor-col-20 elementor-top-column elementor-element elementor-element-4f6314b\" data-id=\"4f6314b\" data-element_type=\"column\">\n\t\t\t<div class=\"elementor-widget-wrap elementor-element-populated\">\n\t\t\t\t\t\t\t\t<div class=\"elementor-element elementor-element-f1516ed elementor-widget elementor-widget-image\" data-id=\"f1516ed\" data-element_type=\"widget\" data-widget_type=\"image.default\">\n\t\t\t\t<div class=\"elementor-widget-container\">\n\t\t\t\t\t\t\t\t\t\t\t\t\t\t\t<img loading=\"lazy\" decoding=\"async\" width=\"1024\" height=\"823\" src=\"https:\/\/zs-belzyce.edu.pl\/wp-content\/uploads\/2023\/10\/g2840-1-1024x823.jpg\" class=\"attachment-large size-large wp-image-1566\" alt=\"\" srcset=\"https:\/\/zs-belzyce.edu.pl\/wp-content\/uploads\/2023\/10\/g2840-1-1024x823.jpg 1024w, https:\/\/zs-belzyce.edu.pl\/wp-content\/uploads\/2023\/10\/g2840-1-300x241.jpg 300w, https:\/\/zs-belzyce.edu.pl\/wp-content\/uploads\/2023\/10\/g2840-1-768x617.jpg 768w, https:\/\/zs-belzyce.edu.pl\/wp-content\/uploads\/2023\/10\/g2840-1.jpg 1355w\" sizes=\"auto, (max-width: 1024px) 100vw, 1024px\" \/>\t\t\t\t\t\t\t\t\t\t\t\t\t\t\t<\/div>\n\t\t\t\t<\/div>\n\t\t\t\t\t<\/div>\n\t\t<\/div>\n\t\t\t\t<div class=\"elementor-column elementor-col-20 elementor-top-column elementor-element elementor-element-987e6d9\" data-id=\"987e6d9\" data-element_type=\"column\">\n\t\t\t<div class=\"elementor-widget-wrap elementor-element-populated\">\n\t\t\t\t\t\t\t\t<div class=\"elementor-element elementor-element-ac15edd elementor-widget elementor-widget-image\" data-id=\"ac15edd\" data-element_type=\"widget\" data-widget_type=\"image.default\">\n\t\t\t\t<div class=\"elementor-widget-container\">\n\t\t\t\t\t\t\t\t\t\t\t\t\t\t\t<img loading=\"lazy\" decoding=\"async\" width=\"1024\" height=\"279\" src=\"https:\/\/zs-belzyce.edu.pl\/wp-content\/uploads\/2023\/10\/Patronat_starosty_POZIOM-1-1024x279.jpg\" class=\"attachment-large size-large wp-image-1565\" alt=\"\" srcset=\"https:\/\/zs-belzyce.edu.pl\/wp-content\/uploads\/2023\/10\/Patronat_starosty_POZIOM-1-1024x279.jpg 1024w, https:\/\/zs-belzyce.edu.pl\/wp-content\/uploads\/2023\/10\/Patronat_starosty_POZIOM-1-300x82.jpg 300w, https:\/\/zs-belzyce.edu.pl\/wp-content\/uploads\/2023\/10\/Patronat_starosty_POZIOM-1-768x209.jpg 768w, https:\/\/zs-belzyce.edu.pl\/wp-content\/uploads\/2023\/10\/Patronat_starosty_POZIOM-1-1536x419.jpg 1536w, https:\/\/zs-belzyce.edu.pl\/wp-content\/uploads\/2023\/10\/Patronat_starosty_POZIOM-1-2048x558.jpg 2048w\" sizes=\"auto, (max-width: 1024px) 100vw, 1024px\" \/>\t\t\t\t\t\t\t\t\t\t\t\t\t\t\t<\/div>\n\t\t\t\t<\/div>\n\t\t\t\t\t<\/div>\n\t\t<\/div>\n\t\t\t\t\t\t\t<\/div>\n\t\t<\/section>\n\t\t\t\t\t\t\t<\/div>\n\t\t","protected":false},"excerpt":{"rendered":"<p>\u00a0 \u00a0 \u00a0 21 pa\u017adziernika 2023 r. \u015bwi\u0119towali\u015bmy Jubileusz szko\u0142y. Honorowy patronat nad uroczysto\u015bci\u0105 obj\u0119li: Pan profesor Przemys\u0142aw Czarnek, Minister Edukacji i [&hellip;]<\/p>\n","protected":false},"author":1,"featured_media":1558,"comment_status":"closed","ping_status":"open","sticky":false,"template":"","format":"standard","meta":{"footnotes":""},"categories":[1],"tags":[],"class_list":["post-1539","post","type-post","status-publish","format-standard","has-post-thumbnail","hentry","category-uncategorized"],"_links":{"self":[{"href":"https:\/\/zs-belzyce.edu.pl\/index.php?rest_route=\/wp\/v2\/posts\/1539","targetHints":{"allow":["GET"]}}],"collection":[{"href":"https:\/\/zs-belzyce.edu.pl\/index.php?rest_route=\/wp\/v2\/posts"}],"about":[{"href":"https:\/\/zs-belzyce.edu.pl\/index.php?rest_route=\/wp\/v2\/types\/post"}],"author":[{"embeddable":true,"href":"https:\/\/zs-belzyce.edu.pl\/index.php?rest_route=\/wp\/v2\/users\/1"}],"replies":[{"embeddable":true,"href":"https:\/\/zs-belzyce.edu.pl\/index.php?rest_route=%2Fwp%2Fv2%2Fcomments&post=1539"}],"version-history":[{"count":26,"href":"https:\/\/zs-belzyce.edu.pl\/index.php?rest_route=\/wp\/v2\/posts\/1539\/revisions"}],"predecessor-version":[{"id":1716,"href":"https:\/\/zs-belzyce.edu.pl\/index.php?rest_route=\/wp\/v2\/posts\/1539\/revisions\/1716"}],"wp:featuredmedia":[{"embeddable":true,"href":"https:\/\/zs-belzyce.edu.pl\/index.php?rest_route=\/wp\/v2\/media\/1558"}],"wp:attachment":[{"href":"https:\/\/zs-belzyce.edu.pl\/index.php?rest_route=%2Fwp%2Fv2%2Fmedia&parent=1539"}],"wp:term":[{"taxonomy":"category","embeddable":true,"href":"https:\/\/zs-belzyce.edu.pl\/index.php?rest_route=%2Fwp%2Fv2%2Fcategories&post=1539"},{"taxonomy":"post_tag","embeddable":true,"href":"https:\/\/zs-belzyce.edu.pl\/index.php?rest_route=%2Fwp%2Fv2%2Ftags&post=1539"}],"curies":[{"name":"wp","href":"https:\/\/api.w.org\/{rel}","templated":true}]}}