{"id":1660,"date":"2023-11-13T10:19:53","date_gmt":"2023-11-13T10:19:53","guid":{"rendered":"https:\/\/zs-belzyce.edu.pl\/?p=1660"},"modified":"2023-11-13T10:22:36","modified_gmt":"2023-11-13T10:22:36","slug":"zbiorka-odziezy-zimowej-i-wyjazd-do-centrum-wolontariatu-w-lublinie%ef%bf%bc","status":"publish","type":"post","link":"https:\/\/zs-belzyce.edu.pl\/?p=1660","title":{"rendered":"Zbi\u00f3rka odzie\u017cy zimowej i wyjazd do centrum wolontariatu w Lublinie"},"content":{"rendered":"\n<p>W dniach 02.10-26.10 odby\u0142a si\u0119 zbi\u00f3rka odzie\u017cy zimowej (czapek, szalik\u00f3w, r\u0119kawiczek oraz skarpetek) dla os\u00f3b bezdomnych i skrajnie ubogich. We wtorek 31.10 grupa wolontariuszy pojecha\u0142a do Centrum Wolontariatu w Lublinie, aby przekaza\u0107 zebrane dary. <br><br>Centrum Wolontariatu w Lublinie pomaga osobom w kryzysie bezdomno\u015bci oraz uchod\u017acom. Ludzie mog\u0105 liczy\u0107 na ciep\u0142y posi\u0142ek, rozmow\u0119, wsparcie przed medyczne, czyst\u0105 odzie\u017c oraz ciep\u0142e koce w okresie zimowym. <br><br>Mog\u0105 r\u00f3wnie\u017c si\u0119 wyk\u0105pa\u0107, na miejscu dostaj\u0105 wszystkie rzeczy do tego potrzebne. Maj\u0105 mo\u017cliwo\u015b\u0107 zrobienia prania oraz skorzystania z pomocy psychologicznej. <br>Centrum organizuje integracyjne wyjazdy poza miasto, ogniska i bale z muzyk\u0105. Znajduje si\u0119 tam r\u00f3wnie\u017c okno \u017cycia. <br><br>Dzi\u0119kujemy wszystkim, kt\u00f3rzy przyczynili si\u0119 do powodzenia akcji. Ju\u017c wkr\u00f3tce udost\u0119pnimy ranking najbardziej zaanga\u017cowanych klas. B\u0119dzie on zawiera\u0142 informacje ile dar\u00f3w zabra\u0142y poszczeg\u00f3lne klasy Zespo\u0142u Szk\u00f3\u0142. Jeszcze raz dzi\u0119kujemy za Wasze wsparcie i udzia\u0142 w tej zbi\u00f3rce i zapraszamy do aktywnego udzia\u0142u w kolejnej. <br><br>Wi\u0119cej informacji na plakatach rozwieszonych w budynkach szko\u0142y i w szkolnych mediach.<\/p>\n\n\n","protected":false},"excerpt":{"rendered":"<p>W dniach 02.10-26.10 odby\u0142a si\u0119 zbi\u00f3rka odzie\u017cy zimowej (czapek, szalik\u00f3w, r\u0119kawiczek oraz skarpetek) dla os\u00f3b bezdomnych i skrajnie ubogich. We wtorek 31.10 [&hellip;]<\/p>\n","protected":false},"author":1,"featured_media":1662,"comment_status":"closed","ping_status":"open","sticky":false,"template":"","format":"standard","meta":{"footnotes":""},"categories":[1],"tags":[],"class_list":["post-1660","post","type-post","status-publish","format-standard","has-post-thumbnail","hentry","category-uncategorized"],"_links":{"self":[{"href":"https:\/\/zs-belzyce.edu.pl\/index.php?rest_route=\/wp\/v2\/posts\/1660","targetHints":{"allow":["GET"]}}],"collection":[{"href":"https:\/\/zs-belzyce.edu.pl\/index.php?rest_route=\/wp\/v2\/posts"}],"about":[{"href":"https:\/\/zs-belzyce.edu.pl\/index.php?rest_route=\/wp\/v2\/types\/post"}],"author":[{"embeddable":true,"href":"https:\/\/zs-belzyce.edu.pl\/index.php?rest_route=\/wp\/v2\/users\/1"}],"replies":[{"embeddable":true,"href":"https:\/\/zs-belzyce.edu.pl\/index.php?rest_route=%2Fwp%2Fv2%2Fcomments&post=1660"}],"version-history":[{"count":9,"href":"https:\/\/zs-belzyce.edu.pl\/index.php?rest_route=\/wp\/v2\/posts\/1660\/revisions"}],"predecessor-version":[{"id":1670,"href":"https:\/\/zs-belzyce.edu.pl\/index.php?rest_route=\/wp\/v2\/posts\/1660\/revisions\/1670"}],"wp:featuredmedia":[{"embeddable":true,"href":"https:\/\/zs-belzyce.edu.pl\/index.php?rest_route=\/wp\/v2\/media\/1662"}],"wp:attachment":[{"href":"https:\/\/zs-belzyce.edu.pl\/index.php?rest_route=%2Fwp%2Fv2%2Fmedia&parent=1660"}],"wp:term":[{"taxonomy":"category","embeddable":true,"href":"https:\/\/zs-belzyce.edu.pl\/index.php?rest_route=%2Fwp%2Fv2%2Fcategories&post=1660"},{"taxonomy":"post_tag","embeddable":true,"href":"https:\/\/zs-belzyce.edu.pl\/index.php?rest_route=%2Fwp%2Fv2%2Ftags&post=1660"}],"curies":[{"name":"wp","href":"https:\/\/api.w.org\/{rel}","templated":true}]}}