{"id":1738,"date":"2023-12-05T07:57:47","date_gmt":"2023-12-05T07:57:47","guid":{"rendered":"https:\/\/zs-belzyce.edu.pl\/?p=1738"},"modified":"2023-12-05T07:58:43","modified_gmt":"2023-12-05T07:58:43","slug":"uczniowie-kopernika-czytaja-dzieciom","status":"publish","type":"post","link":"https:\/\/zs-belzyce.edu.pl\/?p=1738","title":{"rendered":"Uczniowie \u201eKopernika\u201d czytaj\u0105 dzieciom"},"content":{"rendered":"\n<p>1 grudnia uczennice z klasy 2bl bra\u0142y aktywny udzia\u0142 w dzia\u0142aniu <strong>Uczniowie \u201eKopernika\u201d czytaj\u0105 dzieciom<\/strong>, zorganizowanym w SP nr 1 w Be\u0142\u017cycach. Tematem przewodnim spotkania by\u0142y emocje. Dzieci mia\u0142y mo\u017cliwo\u015b\u0107 zapoznania si\u0119 z r\u00f3\u017cnymi sytuacjami, kt\u00f3rym towarzyszy\u0142y konkretne emocje a nast\u0119pnie wys\u0142ucha\u0142y dw\u00f3ch bajek: \u201eO Rado\u015bci i Smutku\u201d oraz \u201eO Z\u0142o\u015bci i Spokoju\u201d. <br>Dla relaksu wszyscy bawili\u015bmy si\u0119 w rytm piosenek, kt\u00f3re nam towarzyszy\u0142y przy spotkaniu. Na zako\u0144czenie zaj\u0119\u0107, dzieci z pomoc\u0105 naszych dziewczyn, \u00a0wykona\u0142y prac\u0119 plastyczn\u0105 \u201eZegar emocji\u201d.<br>Spotkanie przebieg\u0142o w mi\u0142ej atmosferze a my jeste\u015bmy ju\u017c um\u00f3wione na kolejne, tym razem \u015bwi\u0105teczne, spotkanie.<\/p>\n\n\n\n<p class=\"has-text-align-right\"><em>Opracowa\u0142a: Marta Iwaniak<\/em><\/p>\n\n\n","protected":false},"excerpt":{"rendered":"<p>1 grudnia uczennice z klasy 2bl bra\u0142y aktywny udzia\u0142 w dzia\u0142aniu Uczniowie \u201eKopernika\u201d czytaj\u0105 dzieciom, zorganizowanym w SP nr 1 w Be\u0142\u017cycach. [&hellip;]<\/p>\n","protected":false},"author":1,"featured_media":1739,"comment_status":"closed","ping_status":"open","sticky":false,"template":"","format":"standard","meta":{"footnotes":""},"categories":[1],"tags":[],"class_list":["post-1738","post","type-post","status-publish","format-standard","has-post-thumbnail","hentry","category-uncategorized"],"_links":{"self":[{"href":"https:\/\/zs-belzyce.edu.pl\/index.php?rest_route=\/wp\/v2\/posts\/1738","targetHints":{"allow":["GET"]}}],"collection":[{"href":"https:\/\/zs-belzyce.edu.pl\/index.php?rest_route=\/wp\/v2\/posts"}],"about":[{"href":"https:\/\/zs-belzyce.edu.pl\/index.php?rest_route=\/wp\/v2\/types\/post"}],"author":[{"embeddable":true,"href":"https:\/\/zs-belzyce.edu.pl\/index.php?rest_route=\/wp\/v2\/users\/1"}],"replies":[{"embeddable":true,"href":"https:\/\/zs-belzyce.edu.pl\/index.php?rest_route=%2Fwp%2Fv2%2Fcomments&post=1738"}],"version-history":[{"count":2,"href":"https:\/\/zs-belzyce.edu.pl\/index.php?rest_route=\/wp\/v2\/posts\/1738\/revisions"}],"predecessor-version":[{"id":1741,"href":"https:\/\/zs-belzyce.edu.pl\/index.php?rest_route=\/wp\/v2\/posts\/1738\/revisions\/1741"}],"wp:featuredmedia":[{"embeddable":true,"href":"https:\/\/zs-belzyce.edu.pl\/index.php?rest_route=\/wp\/v2\/media\/1739"}],"wp:attachment":[{"href":"https:\/\/zs-belzyce.edu.pl\/index.php?rest_route=%2Fwp%2Fv2%2Fmedia&parent=1738"}],"wp:term":[{"taxonomy":"category","embeddable":true,"href":"https:\/\/zs-belzyce.edu.pl\/index.php?rest_route=%2Fwp%2Fv2%2Fcategories&post=1738"},{"taxonomy":"post_tag","embeddable":true,"href":"https:\/\/zs-belzyce.edu.pl\/index.php?rest_route=%2Fwp%2Fv2%2Ftags&post=1738"}],"curies":[{"name":"wp","href":"https:\/\/api.w.org\/{rel}","templated":true}]}}