{"id":1824,"date":"2024-01-21T04:28:00","date_gmt":"2024-01-21T04:28:00","guid":{"rendered":"https:\/\/zs-belzyce.edu.pl\/?p=1824"},"modified":"2024-01-22T06:29:19","modified_gmt":"2024-01-22T06:29:19","slug":"mlodzi-pisza","status":"publish","type":"post","link":"https:\/\/zs-belzyce.edu.pl\/?p=1824","title":{"rendered":"M\u0142odzi pisz\u0105\u00a0"},"content":{"rendered":"\n<p>W\u0142a\u015bnie ukaza\u0142 si\u0119 pierwszy numer czasopisma &#8222;Prawo i Psychologia: M\u0142oda Perspektywa&#8221;, a w nim&#8230; artyku\u0142y uczennic naszego LO! Autorkami s\u0105: Agata Misztal, Wiktoria Kr\u00f3l, Zuzanna Lewandowska, Amelia Wierzcho\u0144, Alina Luzhetska, Zuzanna Zieli\u0144ska, Jagoda Golema i Oliwia Opoka z klasy 2B oraz Zuzanna Boryca z klasy 3A.<\/p>\n\n\n\n<p>W ubieg\u0142ym roku szkolnym Fundacja Hominium Et Lex obj\u0119\u0142a patronatem obecn\u0105 klas\u0119 2B LO (rozszerzenie: j\u0119zyk angielski, wiedza o spo\u0142ecze\u0144stwie). Udzia\u0142 uczni\u00f3w w tworzeniu czasopisma to jedna z form naszej wsp\u00f3\u0142pracy.&nbsp;<\/p>\n\n\n\n<p>Pragniemy skierowa\u0107 serdeczne podzi\u0119kowania do mec. Igi Lalak, prezes Fundacji, za inspiruj\u0105ce pomys\u0142y i merytoryczne wsparcie okazane autorkom podczas realizacji projektu.<\/p>\n\n\n\n<p>Artyku\u0142y dost\u0119pne s\u0105 na stronie&nbsp;<a href=\"http:\/\/mlodaperspektywa.pl\/\" target=\"_blank\" rel=\"noreferrer noopener\">mlodaperspektywa.pl<\/a><\/p>\n\n\n\n<p>Zach\u0119camy do lektury!<\/p>\n","protected":false},"excerpt":{"rendered":"<p>W\u0142a\u015bnie ukaza\u0142 si\u0119 pierwszy numer czasopisma &#8222;Prawo i Psychologia: M\u0142oda Perspektywa&#8221;, a w nim&#8230; artyku\u0142y uczennic naszego LO! Autorkami s\u0105: Agata Misztal, [&hellip;]<\/p>\n","protected":false},"author":1,"featured_media":0,"comment_status":"closed","ping_status":"open","sticky":false,"template":"","format":"standard","meta":{"footnotes":""},"categories":[1],"tags":[],"class_list":["post-1824","post","type-post","status-publish","format-standard","hentry","category-uncategorized"],"_links":{"self":[{"href":"https:\/\/zs-belzyce.edu.pl\/index.php?rest_route=\/wp\/v2\/posts\/1824","targetHints":{"allow":["GET"]}}],"collection":[{"href":"https:\/\/zs-belzyce.edu.pl\/index.php?rest_route=\/wp\/v2\/posts"}],"about":[{"href":"https:\/\/zs-belzyce.edu.pl\/index.php?rest_route=\/wp\/v2\/types\/post"}],"author":[{"embeddable":true,"href":"https:\/\/zs-belzyce.edu.pl\/index.php?rest_route=\/wp\/v2\/users\/1"}],"replies":[{"embeddable":true,"href":"https:\/\/zs-belzyce.edu.pl\/index.php?rest_route=%2Fwp%2Fv2%2Fcomments&post=1824"}],"version-history":[{"count":1,"href":"https:\/\/zs-belzyce.edu.pl\/index.php?rest_route=\/wp\/v2\/posts\/1824\/revisions"}],"predecessor-version":[{"id":1825,"href":"https:\/\/zs-belzyce.edu.pl\/index.php?rest_route=\/wp\/v2\/posts\/1824\/revisions\/1825"}],"wp:attachment":[{"href":"https:\/\/zs-belzyce.edu.pl\/index.php?rest_route=%2Fwp%2Fv2%2Fmedia&parent=1824"}],"wp:term":[{"taxonomy":"category","embeddable":true,"href":"https:\/\/zs-belzyce.edu.pl\/index.php?rest_route=%2Fwp%2Fv2%2Fcategories&post=1824"},{"taxonomy":"post_tag","embeddable":true,"href":"https:\/\/zs-belzyce.edu.pl\/index.php?rest_route=%2Fwp%2Fv2%2Ftags&post=1824"}],"curies":[{"name":"wp","href":"https:\/\/api.w.org\/{rel}","templated":true}]}}