{"id":1845,"date":"2024-02-21T12:29:09","date_gmt":"2024-02-21T12:29:09","guid":{"rendered":"https:\/\/zs-belzyce.edu.pl\/?p=1845"},"modified":"2024-02-21T12:30:05","modified_gmt":"2024-02-21T12:30:05","slug":"festiwal-gitarowy-lublin-2024","status":"publish","type":"post","link":"https:\/\/zs-belzyce.edu.pl\/?p=1845","title":{"rendered":"Festiwal GITAROWY LUBLIN 2024"},"content":{"rendered":"\n<p>Centrum muzyczne Quena organizuje Festiwal GITAROWY LUBLIN 2024, kt\u00f3ry odb\u0119dzie si\u0119 w dniach 1-3 marca 2024.<br><br>Wydarzenie to b\u0119dzie stanowi\u0142o wyj\u0105tkow\u0105 okazj\u0119 do rozwoju umiej\u0119tno\u015bci gitarowych, wymiany do\u015bwiadcze\u0144 i integracji z pasjonatami muzyki z ca\u0142ego kraju. Plan festiwalu obejmuje lekcje mistrzowskie, warsztaty grupowe i koncerty prowadzone przez wybitnych artyst\u00f3w i pedagog\u00f3w z kraju i z zagranicy.<br>Gwarancj\u0105 wysokiego poziomu przedsi\u0119wzi\u0119cia s\u0105 zaproszeni go\u015bcie: Cassie Martin (Pary\u017c), Tomasz Zawierucha (Essen), Tomasz Radziszewski (Zielona G\u00f3ra), Szymon Go\u0142\u0105bek (Chorz\u00f3w) czy Andrzej Lewocki (Lublin).<br><br>W trakcie festiwalu zaplanowano koncerty artyst\u00f3w reprezentuj\u0105cych najwy\u017cszy \u015bwiatowy poziom wykonawstwa gitarowego. <br><br>W sobot\u0119 2 marca o godz. 18.30 na scenie zaprezentuj\u0105 si\u0119 Cassie Martin oraz Tomasz Radziszewski, wykonaj\u0105 utwory takich kompozytor\u00f3w jak Mario Castelnuovo-Tedesco, Sergio Assad czy Jaquin Rodrigo. Drugi koncert w niedziel\u0119 3 marca o godz. 19.00 b\u0119dzie podsumowaniem festiwalu. Us\u0142yszymy Orkiestr\u0119 Gitarow\u0105 sk\u0142adaj\u0105c\u0105 si\u0119 z uczestnik\u00f3w warsztat\u00f3w prowadzon\u0105 przez Tomasza Radziszewskiego. <br><br>Zagraj\u0105 mi\u0119dzy innymi \u201eKoncert D-dur RV 93\u201d Antonio Vivaldiego oraz muzyk\u0119 latynoameryka\u0144sk\u0105. Nast\u0119pnie us\u0142yszymy muzyk\u0119 flamenco w wykonaniu lubelskiego artysty Andrzeja Lewockiego. W drugiej cz\u0119\u015bci koncertu wyst\u0105pi Tomasz Zawierucha, kt\u00f3ry zagra kompozycje Jaquin Rodrigo, Mauro Giulianiego, Isaaca Alb\u00e9niza oraz Fryderyka Chopina.<br><br>Koncerty odb\u0119d\u0105 si\u0119 w nowoczesnej sali widowiskowej przy Zespole Szko\u0142 Nr 13 w Lublinie, ul. Berylowa 7<\/p>\n\n\n\n<p>Harmonogram festiwalu dost\u0119pny na naszej stronie internetowej:<br><a href=\"https:\/\/quena.pl\/blog\/64_festiwal-gitarowy-lublin-2024.html\" target=\"_blank\" rel=\"noreferrer noopener\">https:\/\/quena.pl\/blog\/64_festiwal-gitarowy-lublin-2024.html<\/a><\/p>\n\n\n\n<figure class=\"wp-block-image size-large\"><img loading=\"lazy\" decoding=\"async\" width=\"727\" height=\"1024\" src=\"https:\/\/zs-belzyce.edu.pl\/wp-content\/uploads\/2024\/02\/plakat_A3_KONCERTY_00-727x1024.jpg\" alt=\"\" class=\"wp-image-1842\" srcset=\"https:\/\/zs-belzyce.edu.pl\/wp-content\/uploads\/2024\/02\/plakat_A3_KONCERTY_00-727x1024.jpg 727w, https:\/\/zs-belzyce.edu.pl\/wp-content\/uploads\/2024\/02\/plakat_A3_KONCERTY_00-213x300.jpg 213w, https:\/\/zs-belzyce.edu.pl\/wp-content\/uploads\/2024\/02\/plakat_A3_KONCERTY_00-768x1082.jpg 768w, https:\/\/zs-belzyce.edu.pl\/wp-content\/uploads\/2024\/02\/plakat_A3_KONCERTY_00-1090x1536.jpg 1090w, https:\/\/zs-belzyce.edu.pl\/wp-content\/uploads\/2024\/02\/plakat_A3_KONCERTY_00-1454x2048.jpg 1454w, https:\/\/zs-belzyce.edu.pl\/wp-content\/uploads\/2024\/02\/plakat_A3_KONCERTY_00-scaled.jpg 1817w\" sizes=\"auto, (max-width: 727px) 100vw, 727px\" \/><\/figure>\n","protected":false},"excerpt":{"rendered":"<p>Centrum muzyczne Quena organizuje Festiwal GITAROWY LUBLIN 2024, kt\u00f3ry odb\u0119dzie si\u0119 w dniach 1-3 marca 2024. Wydarzenie to b\u0119dzie stanowi\u0142o wyj\u0105tkow\u0105 okazj\u0119 [&hellip;]<\/p>\n","protected":false},"author":1,"featured_media":1842,"comment_status":"closed","ping_status":"open","sticky":false,"template":"","format":"standard","meta":{"footnotes":""},"categories":[1],"tags":[],"class_list":["post-1845","post","type-post","status-publish","format-standard","has-post-thumbnail","hentry","category-uncategorized"],"_links":{"self":[{"href":"https:\/\/zs-belzyce.edu.pl\/index.php?rest_route=\/wp\/v2\/posts\/1845","targetHints":{"allow":["GET"]}}],"collection":[{"href":"https:\/\/zs-belzyce.edu.pl\/index.php?rest_route=\/wp\/v2\/posts"}],"about":[{"href":"https:\/\/zs-belzyce.edu.pl\/index.php?rest_route=\/wp\/v2\/types\/post"}],"author":[{"embeddable":true,"href":"https:\/\/zs-belzyce.edu.pl\/index.php?rest_route=\/wp\/v2\/users\/1"}],"replies":[{"embeddable":true,"href":"https:\/\/zs-belzyce.edu.pl\/index.php?rest_route=%2Fwp%2Fv2%2Fcomments&post=1845"}],"version-history":[{"count":3,"href":"https:\/\/zs-belzyce.edu.pl\/index.php?rest_route=\/wp\/v2\/posts\/1845\/revisions"}],"predecessor-version":[{"id":1849,"href":"https:\/\/zs-belzyce.edu.pl\/index.php?rest_route=\/wp\/v2\/posts\/1845\/revisions\/1849"}],"wp:featuredmedia":[{"embeddable":true,"href":"https:\/\/zs-belzyce.edu.pl\/index.php?rest_route=\/wp\/v2\/media\/1842"}],"wp:attachment":[{"href":"https:\/\/zs-belzyce.edu.pl\/index.php?rest_route=%2Fwp%2Fv2%2Fmedia&parent=1845"}],"wp:term":[{"taxonomy":"category","embeddable":true,"href":"https:\/\/zs-belzyce.edu.pl\/index.php?rest_route=%2Fwp%2Fv2%2Fcategories&post=1845"},{"taxonomy":"post_tag","embeddable":true,"href":"https:\/\/zs-belzyce.edu.pl\/index.php?rest_route=%2Fwp%2Fv2%2Ftags&post=1845"}],"curies":[{"name":"wp","href":"https:\/\/api.w.org\/{rel}","templated":true}]}}