{"id":1996,"date":"2024-06-13T07:02:05","date_gmt":"2024-06-13T07:02:05","guid":{"rendered":"https:\/\/zs-belzyce.edu.pl\/?p=1996"},"modified":"2024-06-13T07:02:05","modified_gmt":"2024-06-13T07:02:05","slug":"swiatowy-dzien-ochrony-srodowiska-w-koperniku","status":"publish","type":"post","link":"https:\/\/zs-belzyce.edu.pl\/?p=1996","title":{"rendered":"\u015awiatowy Dzie\u0144 Ochrony \u015arodowiska w Koperniku"},"content":{"rendered":"\n<p>W dniu 07 czerwca&nbsp; z okazji obchod\u00f3w \u015awiatowego Dnia Ochrony \u015arodowisk nauczyciele Zespo\u0142u Przedmiot\u00f3w Matematyczno- Przyrodniczych przygotowali sesj\u0119 proekologiczn\u0105 dotycz\u0105c\u0105 ochrony przyrody. Sesj\u0119 otworzy\u0142a Pani&nbsp; wicedyrektor Ma\u0142gorzata&nbsp; Dubil.&nbsp;<\/p>\n\n\n\n<p>&nbsp;W czasie tego wydarzenia m\u0142odzie\u017c naszej szko\u0142y&nbsp; wzi\u0119\u0142a&nbsp; udzia\u0142 w ekologicznej grze terenowej, kt\u00f3r\u0105 przygotowali uczniowie klas 2al i 2at pod opiek\u0105&nbsp; Pani Doroty Bukowskiej i Pani Anny S\u0142otwi\u0144skiej- Jakubowskiej. Nast\u0119pnie wsp\u00f3lnie obejrzeli&nbsp; film o czynnych i biernych formach ochrony przyrody.&nbsp;<\/p>\n\n\n\n<p>Uczniowie klasy 4btp&nbsp; Dominika Matlakowska&nbsp; i Kacper Fijo\u0142&nbsp; zapoznali nas z rodzajami bior\u00f3\u017cnorodno\u015bci&nbsp; w Polsce i na \u015bwiecie,&nbsp; a Pani Lidia Skrai\u0144ska&nbsp; z uczniem&nbsp; klasy 1al Piotrem&nbsp; Jakubowskim przedstawili przyk\u0142ady praktycznego wykorzystania i ochrony r\u00f3\u017cnorodno\u015bci biologicznej.&nbsp;<\/p>\n\n\n\n<p>W dalszej cz\u0119\u015bci&nbsp; spotkania uczennice Miriam W\u00f3jcik z klasy 2al i Malwina Leptuch z 3ct&nbsp; przedstawi\u0142y prezentacj\u0119 na temat alternatywnych \u017ar\u00f3de\u0142 energii.&nbsp;<\/p>\n\n\n\n<p>M\u0142odzie\u017c mog\u0142a tak\u017ce sprawdzi\u0107 swoj\u0105&nbsp; wiedz\u0119 ekologiczn\u0105&nbsp; w Quizie, kt\u00f3ry poprowadzi\u0142y uczennice Wiktoria W\u00f3jcik z klasy 2al i Zuzanna Golema z klasy 4atp.<\/p>\n\n\n\n<p>By\u0142o tak\u017ce poetycko-ekologicznie dzi\u0119ki&nbsp; uczennicy&nbsp; klasy&nbsp; 3al Julii&nbsp; Malborskiej, kt\u00f3ra&nbsp; recytowa\u0142a&nbsp; w\u0142asny wiersz&nbsp; \u201eJak chroni\u0107 przyrod\u0119\u201d.<\/p>\n\n\n\n<p>Na koniec&nbsp; uroczysto\u015bci&nbsp; nauczycielki&nbsp; Pani Anna Plak i Pani S\u0142otwi\u0144ska \u2013 Jakubowska&nbsp; podsumowa\u0142y&nbsp; przeprowadzone w naszej&nbsp; szkole dzia\u0142ania ekologiczne,&nbsp; a nast\u0119pnie wr\u0119czy\u0142y uczniom dyplomy i nagrody za udzia\u0142 w konkursach i olimpiadach proekologicznych.<\/p>\n\n\n\n<p>&nbsp;Organizatorzy dla m\u0142odzie\u017cy Kopernika przygotowali tak\u017ce s\u0142odko\u015bci i ekologiczne kanapki.<\/p>\n\n\n\n<p>Dekoracj\u0119&nbsp; przygotowa\u0142y Panie Anna Biernacka i&nbsp; Dorota Bukowska<\/p>\n\n\n\n<p>Za nag\u0142o\u015bnienie dzi\u0119kujemy uczniom klasy 4atp Wiktorowi Babiszowi i Szymonowi Koziarskiemu.&nbsp;<\/p>\n\n\n\n<p class=\"has-text-align-right\">Koordynator&nbsp; &#8211; Anna Plak<\/p>\n\n\n","protected":false},"excerpt":{"rendered":"<p>W dniu 07 czerwca&nbsp; z okazji obchod\u00f3w \u015awiatowego Dnia Ochrony \u015arodowisk nauczyciele Zespo\u0142u Przedmiot\u00f3w Matematyczno- Przyrodniczych przygotowali sesj\u0119 proekologiczn\u0105 dotycz\u0105c\u0105 ochrony przyrody. [&hellip;]<\/p>\n","protected":false},"author":1,"featured_media":2001,"comment_status":"closed","ping_status":"open","sticky":false,"template":"","format":"standard","meta":{"footnotes":""},"categories":[8],"tags":[],"class_list":["post-1996","post","type-post","status-publish","format-standard","has-post-thumbnail","hentry","category-konkursy"],"_links":{"self":[{"href":"https:\/\/zs-belzyce.edu.pl\/index.php?rest_route=\/wp\/v2\/posts\/1996","targetHints":{"allow":["GET"]}}],"collection":[{"href":"https:\/\/zs-belzyce.edu.pl\/index.php?rest_route=\/wp\/v2\/posts"}],"about":[{"href":"https:\/\/zs-belzyce.edu.pl\/index.php?rest_route=\/wp\/v2\/types\/post"}],"author":[{"embeddable":true,"href":"https:\/\/zs-belzyce.edu.pl\/index.php?rest_route=\/wp\/v2\/users\/1"}],"replies":[{"embeddable":true,"href":"https:\/\/zs-belzyce.edu.pl\/index.php?rest_route=%2Fwp%2Fv2%2Fcomments&post=1996"}],"version-history":[{"count":1,"href":"https:\/\/zs-belzyce.edu.pl\/index.php?rest_route=\/wp\/v2\/posts\/1996\/revisions"}],"predecessor-version":[{"id":2002,"href":"https:\/\/zs-belzyce.edu.pl\/index.php?rest_route=\/wp\/v2\/posts\/1996\/revisions\/2002"}],"wp:featuredmedia":[{"embeddable":true,"href":"https:\/\/zs-belzyce.edu.pl\/index.php?rest_route=\/wp\/v2\/media\/2001"}],"wp:attachment":[{"href":"https:\/\/zs-belzyce.edu.pl\/index.php?rest_route=%2Fwp%2Fv2%2Fmedia&parent=1996"}],"wp:term":[{"taxonomy":"category","embeddable":true,"href":"https:\/\/zs-belzyce.edu.pl\/index.php?rest_route=%2Fwp%2Fv2%2Fcategories&post=1996"},{"taxonomy":"post_tag","embeddable":true,"href":"https:\/\/zs-belzyce.edu.pl\/index.php?rest_route=%2Fwp%2Fv2%2Ftags&post=1996"}],"curies":[{"name":"wp","href":"https:\/\/api.w.org\/{rel}","templated":true}]}}