{"id":2010,"date":"2024-06-19T21:27:00","date_gmt":"2024-06-19T21:27:00","guid":{"rendered":"https:\/\/zs-belzyce.edu.pl\/?p=2010"},"modified":"2024-06-20T06:30:26","modified_gmt":"2024-06-20T06:30:26","slug":"innowacja-pedagogiczna-od-algorytmiki-do-robotyki-w-klasie-2at","status":"publish","type":"post","link":"https:\/\/zs-belzyce.edu.pl\/?p=2010","title":{"rendered":"Innowacja pedagogiczna &#8222;Od algorytmiki do robotyki&#8221; w klasie 2at"},"content":{"rendered":"\n<p>W roku szkolnym 2022\/2023 dla klasy 1 at rozpoczynaj\u0105cej nauk\u0119 w zawodzie technik<br>informatyk zosta\u0142 wdro\u017cony przez Ann\u0119 S\u0142otwi\u0144sk\u0105-Jakubowsk\u0105 nowatorski program<br>edukacyjny pod nazw\u0105 &#8222;Od algorytmiki do robotyki&#8221;. Innowacja ta by\u0142a r\u00f3wnie\u017c z sukcesem<br>realizowana w tym roku szkolnym w klasie 2at. Dzi\u0119ki tej innowacji uczniowie maj\u0105<br>wyj\u0105tkow\u0105 okazj\u0119 do rozwijania swoich umiej\u0119tno\u015bci w zakresie programowania,<br>projektowania oraz robotyki, co doskonale wpisuje si\u0119 w nowoczesne podej\u015bcie do edukacji<br>STEM (Science, Technology, Engineering, Mathematics). W ramach realizacji innowacji<br>uczniowie brali udzia\u0142 w :<\/p>\n\n\n\n<ul class=\"wp-block-list\">\n<li><strong>pilota\u017cowym programie Wirtualne Laboratoria Przysz\u0142o\u015bci<\/strong><br><br>W ramach tego programu uczniowie klasy 2at poszerzali swoj\u0105 wiedz\u0119 i umiej\u0119tno\u015bci<br>projektowania w zaawansowanym programie Blender. Pracowali nad tworzeniem<br>tr\u00f3jwymiarowych modeli i symulacji, co pozwoli\u0142o im na zdobycie praktycznych kompetencji<br>w zakresie nowoczesnych technologii. Za swoje osi\u0105gni\u0119cia w dniu 17 czerwca uczniowie<br>odebrali certyfikaty potwierdzaj\u0105ce podwy\u017cszenie swoich umiej\u0119tno\u015bci projektowych. Jest to<br>dow\u00f3d na ich zaanga\u017cowanie i wysoki poziom zdobytej wiedzy.<br><\/li>\n\n\n\n<li><strong>projekcie CanSat<\/strong><br><br>Sze\u015bciu uczni\u00f3w z klasy 2at wzi\u0119\u0142o udzia\u0142 w I etapie mi\u0119dzynarodowego projektu<br>edukacyjnego CanSat, kt\u00f3ry polega\u0142 na zaprojektowaniu, zbudowaniu i przetestowaniu<br>miniaturowego satelity wielko\u015bci puszki po napoju. By\u0142o to ogromne wyr\u00f3\u017cnienie i szansa na<br>zdobycie cennych do\u015bwiadcze\u0144 z zakresu in\u017cynierii kosmicznej oraz pracy zespo\u0142owej przy<br>realizacji zaawansowanych projekt\u00f3w technologicznych.<br><\/li>\n\n\n\n<li><strong>projekcie \u201eDroga do przysz\u0142o\u015bci\u201d<\/strong><br><br>Dodatkowo, pi\u0119ciu uczni\u00f3w uczestniczy\u0142o w projekcie \u201eDroga do przysz\u0142o\u015bci\u201d, w ramach<br>kt\u00f3rego doszli do fina\u0142u konkursu. Przypominamy, \u017ce nasza dru\u017cyna realizowa\u0142a zadanie<br>konkursowe nt. &#8222;Inteligentne Miasto\/Wie\u015b&#8221;, kt\u00f3rego celem by\u0142o stworzenie makiety<br>miejscowo\u015bci Wierzchowiska Stare, ukazuj\u0105cej jak nowoczesne technologie mog\u0105 wp\u0142ywa\u0107<br>na rozw\u00f3j spo\u0142eczno\u015bci lokalnej, przedstawiaj\u0105c \u015bwiat przysz\u0142o\u015bci w tr\u00f3jwymiarowej<br>rzeczywisto\u015bci z wykorzystaniem druku 3D.<br>Ich inicjatywa, pomys\u0142owo\u015b\u0107 i zaanga\u017cowanie to prawdziwy wk\u0142ad w budowanie lepszej<br>przysz\u0142o\u015bci, pe\u0142nej nowych mo\u017cliwo\u015bci i wyzwa\u0144. Projekt ten pozwoli\u0142 uczniom na<br>rozwijanie kompetencji w zakresie planowania kariery zawodowej oraz przygotowania do<br>wyzwa\u0144 przysz\u0142o\u015bci, z kt\u00f3rymi z pewno\u015bci\u0105 b\u0119d\u0105 si\u0119 mierzy\u0107 jako przyszli liderzy w swoich<br>dziedzinach.<br>Zdobyte umiej\u0119tno\u015bci i do\u015bwiadczenia b\u0119d\u0105 stanowi\u0142y solidny fundament przysz\u0142ych<br>sukces\u00f3w zawodowych m\u0142odzie\u017cy.<\/li>\n<\/ul>\n\n\n\n<p class=\"has-text-align-right\">Koordynator<br>Anna S\u0142otwi\u0144ska-Jakubowska<\/p>\n\n\n\n<figure class=\"wp-block-gallery has-nested-images columns-default is-cropped wp-block-gallery-1 is-layout-flex wp-block-gallery-is-layout-flex\">\n<figure class=\"wp-block-image size-large\"><img loading=\"lazy\" decoding=\"async\" width=\"1024\" height=\"768\" data-id=\"2012\" src=\"https:\/\/zs-belzyce.edu.pl\/wp-content\/uploads\/2024\/06\/przyszlosciowy-kopernik-1024x768.jpg\" alt=\"\" class=\"wp-image-2012\" srcset=\"https:\/\/zs-belzyce.edu.pl\/wp-content\/uploads\/2024\/06\/przyszlosciowy-kopernik-1024x768.jpg 1024w, https:\/\/zs-belzyce.edu.pl\/wp-content\/uploads\/2024\/06\/przyszlosciowy-kopernik-300x225.jpg 300w, https:\/\/zs-belzyce.edu.pl\/wp-content\/uploads\/2024\/06\/przyszlosciowy-kopernik-768x576.jpg 768w, https:\/\/zs-belzyce.edu.pl\/wp-content\/uploads\/2024\/06\/przyszlosciowy-kopernik-1536x1152.jpg 1536w, https:\/\/zs-belzyce.edu.pl\/wp-content\/uploads\/2024\/06\/przyszlosciowy-kopernik.jpg 2048w\" sizes=\"auto, (max-width: 1024px) 100vw, 1024px\" \/><\/figure>\n\n\n\n<figure class=\"wp-block-image size-large\"><img loading=\"lazy\" decoding=\"async\" width=\"1024\" height=\"921\" data-id=\"2011\" src=\"https:\/\/zs-belzyce.edu.pl\/wp-content\/uploads\/2024\/06\/odlotowy-kopernik-1024x921.jpg\" alt=\"\" class=\"wp-image-2011\" srcset=\"https:\/\/zs-belzyce.edu.pl\/wp-content\/uploads\/2024\/06\/odlotowy-kopernik-1024x921.jpg 1024w, https:\/\/zs-belzyce.edu.pl\/wp-content\/uploads\/2024\/06\/odlotowy-kopernik-300x270.jpg 300w, https:\/\/zs-belzyce.edu.pl\/wp-content\/uploads\/2024\/06\/odlotowy-kopernik-768x691.jpg 768w, https:\/\/zs-belzyce.edu.pl\/wp-content\/uploads\/2024\/06\/odlotowy-kopernik-1536x1382.jpg 1536w, https:\/\/zs-belzyce.edu.pl\/wp-content\/uploads\/2024\/06\/odlotowy-kopernik.jpg 2048w\" sizes=\"auto, (max-width: 1024px) 100vw, 1024px\" \/><\/figure>\n<\/figure>\n\n\n\n<figure class=\"wp-block-embed is-type-video is-provider-youtube wp-block-embed-youtube wp-embed-aspect-16-9 wp-has-aspect-ratio\"><div class=\"wp-block-embed__wrapper\">\n<iframe loading=\"lazy\" title=\"PRZYSZ\u0141O\u015aCIOWY KOPERNIK\" width=\"1170\" height=\"658\" src=\"https:\/\/www.youtube.com\/embed\/u9XS4-JNtn0?feature=oembed\" frameborder=\"0\" allow=\"accelerometer; autoplay; clipboard-write; encrypted-media; gyroscope; picture-in-picture; web-share\" referrerpolicy=\"strict-origin-when-cross-origin\" allowfullscreen><\/iframe>\n<\/div><\/figure>\n","protected":false},"excerpt":{"rendered":"<p>W roku szkolnym 2022\/2023 dla klasy 1 at rozpoczynaj\u0105cej nauk\u0119 w zawodzie technikinformatyk zosta\u0142 wdro\u017cony przez Ann\u0119 S\u0142otwi\u0144sk\u0105-Jakubowsk\u0105 nowatorski programedukacyjny pod nazw\u0105 [&hellip;]<\/p>\n","protected":false},"author":1,"featured_media":2011,"comment_status":"closed","ping_status":"open","sticky":false,"template":"","format":"standard","meta":{"footnotes":""},"categories":[8],"tags":[],"class_list":["post-2010","post","type-post","status-publish","format-standard","has-post-thumbnail","hentry","category-konkursy"],"_links":{"self":[{"href":"https:\/\/zs-belzyce.edu.pl\/index.php?rest_route=\/wp\/v2\/posts\/2010","targetHints":{"allow":["GET"]}}],"collection":[{"href":"https:\/\/zs-belzyce.edu.pl\/index.php?rest_route=\/wp\/v2\/posts"}],"about":[{"href":"https:\/\/zs-belzyce.edu.pl\/index.php?rest_route=\/wp\/v2\/types\/post"}],"author":[{"embeddable":true,"href":"https:\/\/zs-belzyce.edu.pl\/index.php?rest_route=\/wp\/v2\/users\/1"}],"replies":[{"embeddable":true,"href":"https:\/\/zs-belzyce.edu.pl\/index.php?rest_route=%2Fwp%2Fv2%2Fcomments&post=2010"}],"version-history":[{"count":1,"href":"https:\/\/zs-belzyce.edu.pl\/index.php?rest_route=\/wp\/v2\/posts\/2010\/revisions"}],"predecessor-version":[{"id":2013,"href":"https:\/\/zs-belzyce.edu.pl\/index.php?rest_route=\/wp\/v2\/posts\/2010\/revisions\/2013"}],"wp:featuredmedia":[{"embeddable":true,"href":"https:\/\/zs-belzyce.edu.pl\/index.php?rest_route=\/wp\/v2\/media\/2011"}],"wp:attachment":[{"href":"https:\/\/zs-belzyce.edu.pl\/index.php?rest_route=%2Fwp%2Fv2%2Fmedia&parent=2010"}],"wp:term":[{"taxonomy":"category","embeddable":true,"href":"https:\/\/zs-belzyce.edu.pl\/index.php?rest_route=%2Fwp%2Fv2%2Fcategories&post=2010"},{"taxonomy":"post_tag","embeddable":true,"href":"https:\/\/zs-belzyce.edu.pl\/index.php?rest_route=%2Fwp%2Fv2%2Ftags&post=2010"}],"curies":[{"name":"wp","href":"https:\/\/api.w.org\/{rel}","templated":true}]}}