{"id":2192,"date":"2024-12-11T13:58:19","date_gmt":"2024-12-11T13:58:19","guid":{"rendered":"https:\/\/zs-belzyce.edu.pl\/?p=2192"},"modified":"2024-12-11T13:58:19","modified_gmt":"2024-12-11T13:58:19","slug":"aktywny-weekend-i-aktywna-szkola-do-kwadratu","status":"publish","type":"post","link":"https:\/\/zs-belzyce.edu.pl\/?p=2192","title":{"rendered":"Aktywny Weekend i Aktywna Szko\u0142a do Kwadratu"},"content":{"rendered":"\n<p>Zako\u0144czy\u0142a si\u0119 pierwsza edycja Programu Aktywny Weekend i Aktywna Szko\u0142a do Kwadratu w kt\u00f3rym uczestniczy\u0142a nasza szko\u0142a. Program finansowany przez\u00a0<strong>Ministerstwo Sportu i\u00a0Turystyki<\/strong>.<\/p>\n\n\n\n<p>Dzi\u0119kujemy za udzia\u0142 w zaj\u0119ciach (siatk\u00f3wka pla\u017cowa, pi\u0142ka siatkowa, koszyk\u00f3wka, futsal, tenis ziemny), aktywnie sp\u0119dzony czas i rozwijanie sportowych pasji i zainteresowa\u0144. Dzi\u0119ki uczestnictwu w programie szko\u0142a pozyska\u0142a \u015brodki na zakup profesjonalnego sprz\u0119tu na doposa\u017cenie si\u0142owni. Pozwoli to na wzbogacenie oferty o now\u0105, atrakcyjn\u0105 form\u0119 aktywno\u015bci fizycznej.<\/p>\n\n\n\n<p>Dzi\u0119kujemy i do zobaczenia w nowej edycji programu z Kopernikiem !!!!<\/p>\n\n\n\n<figure class=\"wp-block-image size-large\"><img decoding=\"async\" src=\"https:\/\/zs-belzyce.edu.pl\/wp-content\/uploads\/2024\/12\/aktywna_szkola_z_dopiskiem_winieta-1024x576.jpg\" alt=\"\" class=\"wp-image-2193\"\/><\/figure>\n","protected":false},"excerpt":{"rendered":"<p>Zako\u0144czy\u0142a si\u0119 pierwsza edycja Programu Aktywny Weekend i Aktywna Szko\u0142a do Kwadratu w kt\u00f3rym uczestniczy\u0142a nasza szko\u0142a. Program finansowany przez\u00a0Ministerstwo Sportu i\u00a0Turystyki. [&hellip;]<\/p>\n","protected":false},"author":1,"featured_media":2193,"comment_status":"closed","ping_status":"open","sticky":false,"template":"","format":"standard","meta":{"footnotes":""},"categories":[1],"tags":[],"class_list":["post-2192","post","type-post","status-publish","format-standard","has-post-thumbnail","hentry","category-uncategorized"],"_links":{"self":[{"href":"https:\/\/zs-belzyce.edu.pl\/index.php?rest_route=\/wp\/v2\/posts\/2192","targetHints":{"allow":["GET"]}}],"collection":[{"href":"https:\/\/zs-belzyce.edu.pl\/index.php?rest_route=\/wp\/v2\/posts"}],"about":[{"href":"https:\/\/zs-belzyce.edu.pl\/index.php?rest_route=\/wp\/v2\/types\/post"}],"author":[{"embeddable":true,"href":"https:\/\/zs-belzyce.edu.pl\/index.php?rest_route=\/wp\/v2\/users\/1"}],"replies":[{"embeddable":true,"href":"https:\/\/zs-belzyce.edu.pl\/index.php?rest_route=%2Fwp%2Fv2%2Fcomments&post=2192"}],"version-history":[{"count":0,"href":"https:\/\/zs-belzyce.edu.pl\/index.php?rest_route=\/wp\/v2\/posts\/2192\/revisions"}],"wp:featuredmedia":[{"embeddable":true,"href":"https:\/\/zs-belzyce.edu.pl\/index.php?rest_route=\/"}],"wp:attachment":[{"href":"https:\/\/zs-belzyce.edu.pl\/index.php?rest_route=%2Fwp%2Fv2%2Fmedia&parent=2192"}],"wp:term":[{"taxonomy":"category","embeddable":true,"href":"https:\/\/zs-belzyce.edu.pl\/index.php?rest_route=%2Fwp%2Fv2%2Fcategories&post=2192"},{"taxonomy":"post_tag","embeddable":true,"href":"https:\/\/zs-belzyce.edu.pl\/index.php?rest_route=%2Fwp%2Fv2%2Ftags&post=2192"}],"curies":[{"name":"wp","href":"https:\/\/api.w.org\/{rel}","templated":true}]}}