{"id":2226,"date":"2025-01-31T01:24:00","date_gmt":"2025-01-31T01:24:00","guid":{"rendered":"https:\/\/zs-belzyce.edu.pl\/?p=2226"},"modified":"2025-01-31T01:24:00","modified_gmt":"2025-01-31T01:24:00","slug":"konferencja-pt-zostan-dawca-szpiku","status":"publish","type":"post","link":"https:\/\/zs-belzyce.edu.pl\/?p=2226","title":{"rendered":"Konferencja pt. \u201eZosta\u0144 dawc\u0105 szpiku\u201d!"},"content":{"rendered":"\n<p><strong>&nbsp;W naszej szkole odby\u0142a si\u0119 wyj\u0105tkowa konferencja pt. \u201eZosta\u0144 dawc\u0105 szpiku\u201d!<\/strong><\/p>\n\n\n\n<p>Wydarzenie zosta\u0142o przygotowane przez zesp\u00f3\u0142 przedmiot\u00f3w matematyczno-przyrodniczych we wsp\u00f3\u0142pracy z klas\u0105 3acl. Podczas konferencji mogli\u015bmy dowiedzie\u0107 si\u0119:<br><img decoding=\"async\" alt=\"&#x1f4a1;\" src=\"https:\/\/fonts.gstatic.com\/s\/e\/notoemoji\/16.0\/1f4a1\/72.png\">&nbsp;<strong>Czym jest nowotw\u00f3r krwi?<\/strong><br><img decoding=\"async\" alt=\"&#x1f4a1;\" src=\"https:\/\/fonts.gstatic.com\/s\/e\/notoemoji\/16.0\/1f4a1\/72.png\">&nbsp;<strong>Czym jest szpik kostny i gdzie znajduje si\u0119 w organizmie?<\/strong><br><img decoding=\"async\" alt=\"&#x1f4a1;\" src=\"https:\/\/fonts.gstatic.com\/s\/e\/notoemoji\/16.0\/1f4a1\/72.png\">&nbsp;<strong>Czy ka\u017cdy potencjalny dawca zostaje faktycznym dawc\u0105?<\/strong><br><img decoding=\"async\" alt=\"&#x1f4a1;\" src=\"https:\/\/fonts.gstatic.com\/s\/e\/notoemoji\/16.0\/1f4a1\/72.png\">&nbsp;<strong>Dlaczego dawcy szpiku wci\u0105\u017c s\u0105 tak potrzebni?<\/strong><br><img decoding=\"async\" alt=\"&#x1f4a1;\" src=\"https:\/\/fonts.gstatic.com\/s\/e\/notoemoji\/16.0\/1f4a1\/72.png\">&nbsp;<strong>Jakie s\u0105 etapy pobierania szpiku kostnego i kom\u00f3rek macierzystych?<\/strong><\/p>\n\n\n\n<p>Szczeg\u00f3lnym momentem by\u0142o og\u0142oszenie wynik\u00f3w konkursu plastycznego na plakat \u201eZosta\u0144 dawc\u0105 szpiku\u201d:<br><img decoding=\"async\" alt=\"&#x1f947;\" src=\"https:\/\/fonts.gstatic.com\/s\/e\/notoemoji\/16.0\/1f947\/72.png\">&nbsp;<strong>I miejsce:<\/strong>&nbsp;Julia Winiarska 3acl<br><img decoding=\"async\" alt=\"&#x1f948;\" src=\"https:\/\/fonts.gstatic.com\/s\/e\/notoemoji\/16.0\/1f948\/72.png\">&nbsp;<strong>II miejsce:<\/strong>&nbsp;Dominika Matlakowska 5btp<br><img decoding=\"async\" alt=\"&#x1f949;\" src=\"https:\/\/fonts.gstatic.com\/s\/e\/notoemoji\/16.0\/1f949\/72.png\">&nbsp;<strong>III miejsce:<\/strong>&nbsp;Krzysztof \u017buchnik 3atp<\/p>\n\n\n\n<p>Podczas wydarzenia g\u0142os zabra\u0142a r\u00f3wnie\u017c Pani Dyrektor Anna Matysek, podkre\u015blaj\u0105c znaczenie edukacji i zaanga\u017cowania w takie inicjatywy.<\/p>\n\n\n\n<p><img decoding=\"async\" alt=\"&#x1f4c5;\" src=\"https:\/\/fonts.gstatic.com\/s\/e\/notoemoji\/16.0\/1f4c5\/72.png\">&nbsp;Ju\u017c&nbsp;<strong>14 marca 2025 r.<\/strong>&nbsp;w godzinach&nbsp;<strong>10:00\u201314:00<\/strong>&nbsp;zapraszamy do&nbsp;<strong>Zespo\u0142u Szk\u00f3\u0142 im. Miko\u0142aja Kopernika w Be\u0142\u017cycach<\/strong>&nbsp;na akcj\u0119 rejestracyjn\u0105 potencjalnych dawc\u00f3w szpiku i kom\u00f3rek macierzystych.<\/p>\n\n\n\n<p><img decoding=\"async\" alt=\"&#x27a1;&#xfe0f;\" src=\"https:\/\/fonts.gstatic.com\/s\/e\/notoemoji\/16.0\/27a1_fe0f\/72.png\">&nbsp;<strong>Do\u0142\u0105cz do grona os\u00f3b, kt\u00f3re mog\u0105 uratowa\u0107 \u017cycie!<\/strong><br>#Zosta\u0144Dawc\u0105Szpiku #Pomagamy #Be\u0142\u017cyce<\/p>\n\n\n\n<figure class=\"wp-block-image size-large\"><img decoding=\"async\" src=\"https:\/\/zs-belzyce.edu.pl\/wp-content\/uploads\/2025\/02\/unnamed-1-1024x1024.jpg\" alt=\"\" class=\"wp-image-2227\"\/><\/figure>\n","protected":false},"excerpt":{"rendered":"<p>&nbsp;W naszej szkole odby\u0142a si\u0119 wyj\u0105tkowa konferencja pt. \u201eZosta\u0144 dawc\u0105 szpiku\u201d! Wydarzenie zosta\u0142o przygotowane przez zesp\u00f3\u0142 przedmiot\u00f3w matematyczno-przyrodniczych we wsp\u00f3\u0142pracy z klas\u0105 [&hellip;]<\/p>\n","protected":false},"author":1,"featured_media":2228,"comment_status":"closed","ping_status":"open","sticky":false,"template":"","format":"standard","meta":{"footnotes":""},"categories":[1],"tags":[],"class_list":["post-2226","post","type-post","status-publish","format-standard","has-post-thumbnail","hentry","category-uncategorized"],"_links":{"self":[{"href":"https:\/\/zs-belzyce.edu.pl\/index.php?rest_route=\/wp\/v2\/posts\/2226","targetHints":{"allow":["GET"]}}],"collection":[{"href":"https:\/\/zs-belzyce.edu.pl\/index.php?rest_route=\/wp\/v2\/posts"}],"about":[{"href":"https:\/\/zs-belzyce.edu.pl\/index.php?rest_route=\/wp\/v2\/types\/post"}],"author":[{"embeddable":true,"href":"https:\/\/zs-belzyce.edu.pl\/index.php?rest_route=\/wp\/v2\/users\/1"}],"replies":[{"embeddable":true,"href":"https:\/\/zs-belzyce.edu.pl\/index.php?rest_route=%2Fwp%2Fv2%2Fcomments&post=2226"}],"version-history":[{"count":0,"href":"https:\/\/zs-belzyce.edu.pl\/index.php?rest_route=\/wp\/v2\/posts\/2226\/revisions"}],"wp:featuredmedia":[{"embeddable":true,"href":"https:\/\/zs-belzyce.edu.pl\/index.php?rest_route=\/"}],"wp:attachment":[{"href":"https:\/\/zs-belzyce.edu.pl\/index.php?rest_route=%2Fwp%2Fv2%2Fmedia&parent=2226"}],"wp:term":[{"taxonomy":"category","embeddable":true,"href":"https:\/\/zs-belzyce.edu.pl\/index.php?rest_route=%2Fwp%2Fv2%2Fcategories&post=2226"},{"taxonomy":"post_tag","embeddable":true,"href":"https:\/\/zs-belzyce.edu.pl\/index.php?rest_route=%2Fwp%2Fv2%2Ftags&post=2226"}],"curies":[{"name":"wp","href":"https:\/\/api.w.org\/{rel}","templated":true}]}}