{"id":2231,"date":"2025-02-07T18:48:00","date_gmt":"2025-02-07T18:48:00","guid":{"rendered":"https:\/\/zs-belzyce.edu.pl\/?p=2231"},"modified":"2025-02-07T18:48:00","modified_gmt":"2025-02-07T18:48:00","slug":"projekt-laboratorium-innowacji-3d","status":"publish","type":"post","link":"https:\/\/zs-belzyce.edu.pl\/?p=2231","title":{"rendered":"Projekt \u201eLaboratorium Innowacji 3D&#8221;"},"content":{"rendered":"\n<p>W dniu 01.01.2025 rozpocz\u0119li\u015bmy realizacj\u0119 Projektu \u201e Laboratorium Innowacji 3D&#8221; w szko\u0142ach powiatu lubelskiego- kompleksowy program rozwojowy dla uczni\u00f3w obejmuj\u0105cy kszta\u0142towanie i rozwijanie kompetencji uczni\u00f3w poprzez wsparcie potencja\u0142u dydaktycznego szk\u00f3\u0142 oraz doradztwo edukacyjno \u2013 zawodowe dla uczni\u00f3w.\u201d Projekt realizowany jest w ramach Programu Fundusze Europejskie dla Lubelskiego 2021-2027, w ramach dzia\u0142ania 10.5 Wsparcie na rzecz szkolnictwa podstawowego i \u015bredniego (z wy\u0142\u0105czeniem infrastruktury).<\/p>\n\n\n\n<p>Okres realizacji: 01.01.2025-30.06.2026<\/p>\n\n\n\n<p>Ca\u0142kowita warto\u015b\u0107 projektu wynosi: 1 781 436,00 z\u0142<\/p>\n\n\n\n<p>Warto\u015b\u0107 dofinansowania z Funduszy Unijnych: 1 603 292,40 z\u0142<\/p>\n\n\n\n<p>Celem g\u0142\u00f3wnym projektu jest zwi\u0119kszenie dost\u0119pu do wysokiej jako\u015bci kszta\u0142cenia i szkolenia orazmo\u017cliwo\u015bci ich uko\u0144czenia w\u015br\u00f3d uczni\u00f3w szk\u00f3\u0142 og\u00f3lnokszta\u0142c\u0105cych i zawodowych oraz nauczycieli poprzez realizacj\u0119program\u00f3w rozwojowych, doposa\u017cenie pracowni i wzrost jako\u015bci kszta\u0142cenia w szko\u0142ach \u015brednichna terenie powiatu lubelskiego.<\/p>\n\n\n\n<p>W ramach projektu zostan\u0105 zrealizowane nast\u0119puj\u0105ce zadania:<\/p>\n\n\n\n<p>&#8211; doradztwo edukacyjno &#8211; zawodowe dla uczni\u00f3w ,<\/p>\n\n\n\n<p>&#8211; zaj\u0119cia zawodoznawcze,<\/p>\n\n\n\n<p>&#8211; szkolenie z zakresu dron\u00f3w i modelowania 3D dla nauczycieli i uczni\u00f3w,<\/p>\n\n\n\n<p>&#8211; sta\u017ce zawodowe dla uczni\u00f3w,<\/p>\n\n\n\n<p>&#8211; wyposa\u017cenie profesjonalnych pracowni 3D.<\/p>\n\n\n\n<p>Wszystkie zadania b\u0119d\u0105 realizowane na rzecz Powiatu Lubelskiego.<\/p>\n\n\n\n<p>#FunduszeUE<\/p>\n\n\n\n<p>#FunduszeEuropejskie<br><br><\/p>\n\n\n\n<figure class=\"wp-block-image size-large\"><img decoding=\"async\" src=\"https:\/\/zs-belzyce.edu.pl\/wp-content\/uploads\/2025\/02\/Plakat_wersja-skrocona_00-1024x724.png\" alt=\"\" class=\"wp-image-2232\"\/><\/figure>\n","protected":false},"excerpt":{"rendered":"<p>W dniu 01.01.2025 rozpocz\u0119li\u015bmy realizacj\u0119 Projektu \u201e Laboratorium Innowacji 3D&#8221; w szko\u0142ach powiatu lubelskiego- kompleksowy program rozwojowy dla uczni\u00f3w obejmuj\u0105cy kszta\u0142towanie i [&hellip;]<\/p>\n","protected":false},"author":1,"featured_media":2232,"comment_status":"closed","ping_status":"open","sticky":false,"template":"","format":"standard","meta":{"footnotes":""},"categories":[1],"tags":[],"class_list":["post-2231","post","type-post","status-publish","format-standard","has-post-thumbnail","hentry","category-uncategorized"],"_links":{"self":[{"href":"https:\/\/zs-belzyce.edu.pl\/index.php?rest_route=\/wp\/v2\/posts\/2231","targetHints":{"allow":["GET"]}}],"collection":[{"href":"https:\/\/zs-belzyce.edu.pl\/index.php?rest_route=\/wp\/v2\/posts"}],"about":[{"href":"https:\/\/zs-belzyce.edu.pl\/index.php?rest_route=\/wp\/v2\/types\/post"}],"author":[{"embeddable":true,"href":"https:\/\/zs-belzyce.edu.pl\/index.php?rest_route=\/wp\/v2\/users\/1"}],"replies":[{"embeddable":true,"href":"https:\/\/zs-belzyce.edu.pl\/index.php?rest_route=%2Fwp%2Fv2%2Fcomments&post=2231"}],"version-history":[{"count":0,"href":"https:\/\/zs-belzyce.edu.pl\/index.php?rest_route=\/wp\/v2\/posts\/2231\/revisions"}],"wp:featuredmedia":[{"embeddable":true,"href":"https:\/\/zs-belzyce.edu.pl\/index.php?rest_route=\/"}],"wp:attachment":[{"href":"https:\/\/zs-belzyce.edu.pl\/index.php?rest_route=%2Fwp%2Fv2%2Fmedia&parent=2231"}],"wp:term":[{"taxonomy":"category","embeddable":true,"href":"https:\/\/zs-belzyce.edu.pl\/index.php?rest_route=%2Fwp%2Fv2%2Fcategories&post=2231"},{"taxonomy":"post_tag","embeddable":true,"href":"https:\/\/zs-belzyce.edu.pl\/index.php?rest_route=%2Fwp%2Fv2%2Ftags&post=2231"}],"curies":[{"name":"wp","href":"https:\/\/api.w.org\/{rel}","templated":true}]}}